{"id":130801,"date":"2025-10-29T05:31:33","date_gmt":"2025-10-29T05:31:33","guid":{"rendered":"https:\/\/www.europesays.com\/pt\/130801\/"},"modified":"2025-10-29T05:31:33","modified_gmt":"2025-10-29T05:31:33","slug":"campanha-de-multivacinacao-para-pessoas-menores-de-15-anos-termina-nesta-sexta-feira-31","status":"publish","type":"post","link":"https:\/\/www.europesays.com\/pt\/130801\/","title":{"rendered":"Campanha de Multivacina\u00e7\u00e3o para pessoas menores de 15 anos termina nesta sexta-feira (31)"},"content":{"rendered":"<p>A Campanha de Multivacina\u00e7\u00e3o da Prefeitura de Belo Horizonte termina nesta sexta-feira (31). A mobiliza\u00e7\u00e3o tem o objetivo de ampliar as coberturas vacinais de crian\u00e7as e adolescentes menores de 15 anos, contribuindo para a redu\u00e7\u00e3o da incid\u00eancia das doen\u00e7as imunopreven\u00edveis, ou seja, evit\u00e1veis por vacinas.<\/p>\n<p>Desde o in\u00edcio da campanha, em 6 de outubro, j\u00e1 foram aplicadas cerca de 69 mil doses de imunizantes que fazem parte do calend\u00e1rio de vacina\u00e7\u00e3o do SUS, como as vacinas contra rotav\u00edrus, poliomielite, hepatites A e B, Papilomav\u00edrus Humano (HPV), febre amarela, dengue e gripe, al\u00e9m da meningoc\u00f3cica ACWY, pneumoc\u00f3cica 10, pentavalente e tr\u00edplice viral.<\/p>\n<p>As vacinas est\u00e3o sendo aplicadas nos 153 centros de sa\u00fade e no Servi\u00e7o de Aten\u00e7\u00e3o \u00e0 Sa\u00fade do Viajante. Os endere\u00e7os e hor\u00e1rios de funcionamento podem ser conferidos no<a href=\"https:\/\/prefeitura.pbh.gov.br\/saude\/informacoes\/vigilancia\/imunizacao\/multivacinacao\" target=\"_blank\" rel=\"nofollow noopener\"><strong> portal da Prefeitura<\/strong><\/a>. J\u00e1 as doses contra a <a href=\"https:\/\/prefeitura.pbh.gov.br\/campanha-de-vacinacao-contra-covid-19\" target=\"_blank\" rel=\"nofollow noopener\"><strong>covid-19<\/strong><\/a> e a <a href=\"https:\/\/prefeitura.pbh.gov.br\/saude\/informacoes\/vigilancia\/vigilancia-epidemiologica\/doencas-transmissiveis\/tuberculose\/vacinacao-bcg\" target=\"_blank\" rel=\"nofollow noopener\"><strong>BCG<\/strong><\/a> s\u00e3o ofertadas exclusivamente em locais de refer\u00eancia.<\/p>\n<p>A aplica\u00e7\u00e3o das doses \u00e9 feita ap\u00f3s a avalia\u00e7\u00e3o da situa\u00e7\u00e3o vacinal de cada crian\u00e7a e adolescente, seguindo as indica\u00e7\u00f5es espec\u00edficas por faixa et\u00e1ria. Para a imuniza\u00e7\u00e3o \u00e9 fundamental que os pais, m\u00e3es ou respons\u00e1veis legais estejam presentes e apresentem a caderneta de vacina\u00e7\u00e3o para confer\u00eancia e atualiza\u00e7\u00e3o, se preciso. Tamb\u00e9m \u00e9 necess\u00e1rio apresentar um documento de identifica\u00e7\u00e3o com foto e CPF.<\/p>\n<p>\u00a0<\/p>\n","protected":false},"excerpt":{"rendered":"A Campanha de Multivacina\u00e7\u00e3o da Prefeitura de Belo Horizonte termina nesta sexta-feira (31). A mobiliza\u00e7\u00e3o tem o objetivo&hellip;\n","protected":false},"author":2,"featured_media":130802,"comment_status":"","ping_status":"","sticky":false,"template":"","format":"standard","meta":{"footnotes":""},"categories":[86],"tags":[116,2092,2093,32,2091,2094,33,117],"class_list":{"0":"post-130801","1":"post","2":"type-post","3":"status-publish","4":"format-standard","5":"has-post-thumbnail","7":"category-saude","8":"tag-health","9":"tag-pbh","10":"tag-portal-pbh","11":"tag-portugal","12":"tag-prefeitura-de-belo-horizonte","13":"tag-prefeitura-pbh-gov-br","14":"tag-pt","15":"tag-saude"},"share_on_mastodon":{"url":"https:\/\/pubeurope.com\/@pt\/115455818672718433","error":""},"_links":{"self":[{"href":"https:\/\/www.europesays.com\/pt\/wp-json\/wp\/v2\/posts\/130801","targetHints":{"allow":["GET"]}}],"collection":[{"href":"https:\/\/www.europesays.com\/pt\/wp-json\/wp\/v2\/posts"}],"about":[{"href":"https:\/\/www.europesays.com\/pt\/wp-json\/wp\/v2\/types\/post"}],"author":[{"embeddable":true,"href":"https:\/\/www.europesays.com\/pt\/wp-json\/wp\/v2\/users\/2"}],"replies":[{"embeddable":true,"href":"https:\/\/www.europesays.com\/pt\/wp-json\/wp\/v2\/comments?post=130801"}],"version-history":[{"count":0,"href":"https:\/\/www.europesays.com\/pt\/wp-json\/wp\/v2\/posts\/130801\/revisions"}],"wp:featuredmedia":[{"embeddable":true,"href":"https:\/\/www.europesays.com\/pt\/wp-json\/wp\/v2\/media\/130802"}],"wp:attachment":[{"href":"https:\/\/www.europesays.com\/pt\/wp-json\/wp\/v2\/media?parent=130801"}],"wp:term":[{"taxonomy":"category","embeddable":true,"href":"https:\/\/www.europesays.com\/pt\/wp-json\/wp\/v2\/categories?post=130801"},{"taxonomy":"post_tag","embeddable":true,"href":"https:\/\/www.europesays.com\/pt\/wp-json\/wp\/v2\/tags?post=130801"}],"curies":[{"name":"wp","href":"https:\/\/api.w.org\/{rel}","templated":true}]}}