{"id":130813,"date":"2025-10-29T06:09:10","date_gmt":"2025-10-29T06:09:10","guid":{"rendered":"https:\/\/www.europesays.com\/pt\/130813\/"},"modified":"2025-10-29T06:09:10","modified_gmt":"2025-10-29T06:09:10","slug":"alba-baptista-e-chris-evans-ja-sao-pais-saiba-tudo-sobre-o-nascimento-do-primeiro-filho-do-casal","status":"publish","type":"post","link":"https:\/\/www.europesays.com\/pt\/130813\/","title":{"rendered":"Alba Baptista e Chris Evans j\u00e1 s\u00e3o pais! Saiba tudo sobre o nascimento do primeiro filho do casal"},"content":{"rendered":"<p data-end=\"392\" data-start=\"83\">Chris Evans acaba de assumir o papel mais importante da sua vida: o de pai. O ator norte-americano, de <strong data-end=\"197\" data-start=\"186\">44 anos<\/strong>, e a mulher, a atriz portuguesa <strong data-end=\"247\" data-start=\"230\">Alba Baptista<\/strong>, de <strong data-end=\"258\" data-start=\"252\">28<\/strong>, deram as boas-vindas ao <strong data-end=\"311\" data-start=\"284\">primeiro filho em comum<\/strong>, confirmou a revista People. A not\u00edcia foi inicialmente avan\u00e7ada pelo TMZ.<\/p>\n<p data-end=\"529\" data-start=\"394\">O beb\u00e9 nasceu na passada <strong data-end=\"449\" data-start=\"419\">sexta-feira, 24 de outubro<\/strong>, em <strong data-end=\"471\" data-start=\"454\">Massachusetts<\/strong>, nos Estados Unidos, e \u00e9 o <strong data-end=\"526\" data-start=\"499\">primeiro filho de ambos<\/strong>.<\/p>\n<p data-end=\"782\" data-start=\"531\">Chris Evans e Alba Baptista, que t\u00eam mantido a sua rela\u00e7\u00e3o longe dos holofotes, foram vistos juntos pela primeira vez em janeiro de 2022. Pouco tempo depois, uma fonte pr\u00f3xima do casal confirmava \u00e0 People <strong><a href=\"https:\/\/tvi.iol.pt\/vmais\/alba-baptista\/chris-evans\/eis-o-que-descobrimos-sobre-o-romance-de-alba-baptista-e-chris-evans\" target=\"_blank\" rel=\"nofollow noopener\">que estavam a namorar \u201ch\u00e1 mais de um ano\u201d<\/a><\/strong>.<\/p>\n<p data-end=\"1139\" data-start=\"784\"><strong><a href=\"https:\/\/tvi.iol.pt\/vmais\/alba-baptista\/chris-evans\/eis-o-que-sabemos-sobre-o-casamento-de-alba-baptista-e-chris-evans-em-portugal\" target=\"_blank\" rel=\"nofollow noopener\">Em <strong data-end=\"807\" data-start=\"787\">setembro de 2023<\/strong>, o casal trocou alian\u00e7as<\/a><\/strong> numa <strong data-end=\"871\" data-start=\"838\">cerim\u00f3nia privada em Cape Cod<\/strong>, tamb\u00e9m em Massachusetts, <strong>e ainda em Portugal, mais concretamente no Estoril.<\/strong> A festa contou apenas com familiares e amigos pr\u00f3ximos, e marcou o in\u00edcio de uma nova fase para o ator conhecido pelo papel de Capit\u00e3o Am\u00e9rica no universo Marvel e pela atriz portuguesa que conquistou Hollywood com a s\u00e9rie Warrior Nun.<\/p>\n<p data-end=\"1443\" data-start=\"1141\">Na altura, Evans j\u00e1 tinha partilhado publicamente o seu desejo de <strong data-end=\"1243\" data-start=\"1207\">assentar e construir uma fam\u00edlia<\/strong>. \u201c\u00c9 absolutamente algo que quero: uma mulher, filhos, construir uma fam\u00edlia\u201d, confessou \u00e0 People em 2022, acrescentando que o que mais valoriza na vida \u201cs\u00e3o as rela\u00e7\u00f5es e o amor que partilhamos\u201d.<\/p>\n<p data-end=\"1729\" data-start=\"1445\">Uma fonte pr\u00f3xima do casal revelou ainda que o ator <strong data-end=\"1525\" data-start=\"1497\">se apaixonou rapidamente<\/strong> por Alba Baptista quando se conheceram na Europa. \u201cEle dizia que sabia que ela era a tal\u201d, contou o mesmo informador. \u201cEle j\u00e1 queria ter uma fam\u00edlia h\u00e1 algum tempo. S\u00f3 estava \u00e0 espera da mulher certa.\u201d<\/p>\n<p data-end=\"2018\" data-start=\"1731\">Em novembro de 2024, na antestreia do filme Red One, Chris Evans foi questionado pela Access Hollywood sobre se se via como um \u201csuper-her\u00f3i pai\u201d, \u00e0 semelhan\u00e7a da personagem de Dwayne Johnson no filme. O ator respondeu, sorridente: \u201cEspero que sim. O t\u00edtulo de pai \u00e9 entusiasmante.\u201d<\/p>\n<p data-end=\"2314\" data-start=\"2020\">O casal, que sempre optou pela <strong data-end=\"2064\" data-start=\"2051\">discri\u00e7\u00e3o<\/strong>, ainda n\u00e3o revelou o nome nem mais detalhes sobre o beb\u00e9, mas a not\u00edcia foi recebida com enorme entusiasmo tanto nos Estados Unidos como em Portugal, onde <strong data-end=\"2311\" data-start=\"2220\">Alba Baptista \u00e9 um dos rostos mais internacionais da nova gera\u00e7\u00e3o de atores portugueses<\/strong>.<\/p>\n<p data-end=\"2314\" data-start=\"2020\">Recorde-se que <strong><a href=\"https:\/\/tvi.iol.pt\/vmais\/alba-baptista\/tvi-ficcao\/lembra-se-de-alba-baptista-nas-novelas-na-tvi-recorde-como-era-a-atriz-aos-16-anos\" target=\"_blank\" rel=\"nofollow noopener\">a atriz come\u00e7ou a sua carreira na TVI, aos 16 anos<\/a><\/strong>, participando em v\u00e1rias novelas do canal. Veja as personagens que desempenhou, na galeria em cima.<\/p>\n","protected":false},"excerpt":{"rendered":"Chris Evans acaba de assumir o papel mais importante da sua vida: o de pai. O ator norte-americano,&hellip;\n","protected":false},"author":2,"featured_media":130814,"comment_status":"","ping_status":"","sticky":false,"template":"","format":"standard","meta":{"footnotes":""},"categories":[145],"tags":[73,29573,72,66,211,210,4417,114,115,77,69,75,71,161,67,32,3776,33,76,74,70,35,162,78,68],"class_list":{"0":"post-130813","1":"post","2":"type-post","3":"status-publish","4":"format-standard","5":"has-post-thumbnail","7":"category-celebridades","8":"tag-a-jornada","9":"tag-alba-baptista","10":"tag-bate-bola","11":"tag-bom-dia-alegria","12":"tag-celebridades","13":"tag-celebrities","14":"tag-chris-evans","15":"tag-entertainment","16":"tag-entretenimento","17":"tag-estudio-estadio","18":"tag-fanaticos","19":"tag-livre-e-direto","20":"tag-nova-geracao","21":"tag-novelas","22":"tag-para-si","23":"tag-portugal","24":"tag-primeiro-filho","25":"tag-pt","26":"tag-segredos-do-prazer","27":"tag-segue-o-jogo","28":"tag-super-craques","29":"tag-transferencias","30":"tag-tvi","31":"tag-v-fama","32":"tag-var-aberto"},"share_on_mastodon":{"url":"https:\/\/pubeurope.com\/@pt\/115455968113068837","error":""},"_links":{"self":[{"href":"https:\/\/www.europesays.com\/pt\/wp-json\/wp\/v2\/posts\/130813","targetHints":{"allow":["GET"]}}],"collection":[{"href":"https:\/\/www.europesays.com\/pt\/wp-json\/wp\/v2\/posts"}],"about":[{"href":"https:\/\/www.europesays.com\/pt\/wp-json\/wp\/v2\/types\/post"}],"author":[{"embeddable":true,"href":"https:\/\/www.europesays.com\/pt\/wp-json\/wp\/v2\/users\/2"}],"replies":[{"embeddable":true,"href":"https:\/\/www.europesays.com\/pt\/wp-json\/wp\/v2\/comments?post=130813"}],"version-history":[{"count":0,"href":"https:\/\/www.europesays.com\/pt\/wp-json\/wp\/v2\/posts\/130813\/revisions"}],"wp:featuredmedia":[{"embeddable":true,"href":"https:\/\/www.europesays.com\/pt\/wp-json\/wp\/v2\/media\/130814"}],"wp:attachment":[{"href":"https:\/\/www.europesays.com\/pt\/wp-json\/wp\/v2\/media?parent=130813"}],"wp:term":[{"taxonomy":"category","embeddable":true,"href":"https:\/\/www.europesays.com\/pt\/wp-json\/wp\/v2\/categories?post=130813"},{"taxonomy":"post_tag","embeddable":true,"href":"https:\/\/www.europesays.com\/pt\/wp-json\/wp\/v2\/tags?post=130813"}],"curies":[{"name":"wp","href":"https:\/\/api.w.org\/{rel}","templated":true}]}}