{"id":130825,"date":"2025-10-29T06:45:09","date_gmt":"2025-10-29T06:45:09","guid":{"rendered":"https:\/\/www.europesays.com\/pt\/130825\/"},"modified":"2025-10-29T06:45:09","modified_gmt":"2025-10-29T06:45:09","slug":"algoritmos-que-salvam-vidas-no-combate-a-resistencia-contra-bacterias","status":"publish","type":"post","link":"https:\/\/www.europesays.com\/pt\/130825\/","title":{"rendered":"Algoritmos que salvam vidas no combate \u00e0 resist\u00eancia contra bact\u00e9rias"},"content":{"rendered":"<p>A crescente dissemina\u00e7\u00e3o de <a href=\"https:\/\/catracalivre.com.br\/cidadania\/microrganismos-em-3d\" target=\"_blank\" rel=\"noopener nofollow\">microrganismos<\/a> resistentes aos antibi\u00f3ticos coloca a sa\u00fade humana, animal e ambiental em risco. Neste cen\u00e1rio, o emprego da <strong>ci\u00eancia de dados biol\u00f3gicos<\/strong>, da<a href=\"https:\/\/www.gov.br\/inca\/pt-br\/assuntos\/pesquisa\/plataformas-multiusuario\/bioinformatica\" target=\"_blank\" rel=\"nofollow noopener\"> <strong>bioinform\u00e1tica<\/strong><\/a> e da <strong>intelig\u00eancia artificial (IA)<\/strong> surge como alicerce para interven\u00e7\u00f5es mais eficazes.<\/p>\n<p>Al\u00e9m disso, o avan\u00e7o da <strong>biologia sint\u00e9tica<\/strong> e as transforma\u00e7\u00f5es em biosseguran\u00e7a re\u00fanem desafios \u00e9ticos e de seguran\u00e7a que demandam aten\u00e7\u00e3o. Vamos analisar como essas tecnologias est\u00e3o sendo aplicadas, e quais os dilemas envolvidos.<\/p>\n<p><img data-portal-copyright=\"\" fetchpriority=\"high\" decoding=\"async\" class=\"size-full wp-image-2638432\" src=\"https:\/\/www.europesays.com\/pt\/wp-content\/uploads\/2025\/10\/u8133322896-close-up-of-a-futuristic-bioinformatics-laborator-da298f0d-ed1c-4750-9dcd-4dfd1a5b41ed-1.jpeg\" alt=\"Uma das aplica\u00e7\u00f5es centrais da IA em AMR \u00e9 a detec\u00e7\u00e3o r\u00e1pida e precisa de padr\u00f5es de resist\u00eancia em dados gen\u00f4micos, cl\u00ednicos e ambientais\" width=\"1280\" height=\"717\"  \/>Uma das aplica\u00e7\u00f5es centrais da IA em AMR \u00e9 a detec\u00e7\u00e3o r\u00e1pida e precisa de padr\u00f5es de resist\u00eancia em dados gen\u00f4micos, cl\u00ednicos e ambientais<br \/>\nComo a IA est\u00e1 sendo usada para detectar microrganismos resistentes?<\/p>\n<p>Uma das aplica\u00e7\u00f5es centrais da IA em AMR \u00e9 a detec\u00e7\u00e3o r\u00e1pida e precisa de padr\u00f5es de resist\u00eancia em dados gen\u00f4micos, cl\u00ednicos e ambientais. Antes de apresentar os pontos espec\u00edficos, vale observar que essas t\u00e9cnicas permitem escalabilidade e agilidade que m\u00e9todos tradicionais n\u00e3o oferecem.<\/p>\n<ul>\n<li style=\"list-style-type: none;\">\n<ul>\n<li>Modelos de aprendizado de m\u00e1quina (ML) treinados com dados de genomas bacterianos e perfis de sensibilidade antimicrobiana para prever resist\u00eancia.<\/li>\n<li>An\u00e1lise de grandes bases de dados (\u201c-omics\u201d, vigil\u00e2ncia ambiental, registros hospitalares) para monitorar padr\u00f5es emergentes de resist\u00eancia.<\/li>\n<li>Aplica\u00e7\u00f5es de IA que auxiliam na prescri\u00e7\u00e3o de antibi\u00f3ticos ou nas decis\u00f5es cl\u00ednicas de forma mais informada e orientada por dados.<\/li>\n<\/ul>\n<\/li>\n<\/ul>\n<p>Esses avan\u00e7os reduzem o tempo at\u00e9 o diagn\u00f3stico ou at\u00e9 a identifica\u00e7\u00e3o de um perfil de resist\u00eancia, o que pode salvar vidas e conter surtos.<\/p>\n<p>Em que consiste a bioinform\u00e1tica aplicada \u00e0 AMR e qual \u00e9 o impacto pr\u00e1tico?<\/p>\n<p>A bioinform\u00e1tica permite a integra\u00e7\u00e3o de dados gen\u00f4micos, metagen\u00f4micos, prote\u00f4micos e cl\u00ednicos para compreender n\u00e3o apenas \u201cse\u201d uma bact\u00e9ria \u00e9 resistente, mas \u201ccomo\u201d e \u201cpor que\u201d ela desenvolveu essa resist\u00eancia. Esse n\u00edvel de detalhamento \u00e9 crucial para interven\u00e7\u00e3o precisa.<\/p>\n<p>Por exemplo, ao sequenciar o genoma de isolados bacterianos resistentes, a bioinform\u00e1tica pode mapear genes de resist\u00eancia (ARGs), muta\u00e7\u00f5es associadas, elementos gen\u00e9ticos m\u00f3veis e sua dissemina\u00e7\u00e3o entre microrganismos. Esse tipo de an\u00e1lise auxilia no rastreamento de cepas emergentes, no planejamento de pol\u00edticas de uso de antibi\u00f3ticos e na vigil\u00e2ncia ambiental.<\/p>\n<p><img loading=\"lazy\" data-portal-copyright=\"\" decoding=\"async\" class=\"size-full wp-image-2638431\" src=\"https:\/\/www.europesays.com\/pt\/wp-content\/uploads\/2025\/10\/u8133322896-close-up-of-a-futuristic-bioinformatics-laborator-da298f0d-ed1c-4750-9dcd-4dfd1a5b41ed-0.jpeg\" alt=\"Uma das aplica\u00e7\u00f5es centrais da IA em AMR \u00e9 a detec\u00e7\u00e3o r\u00e1pida e precisa de padr\u00f5es de resist\u00eancia em dados gen\u00f4micos, cl\u00ednicos e ambientais\" width=\"1280\" height=\"717\"  \/>Uma das aplica\u00e7\u00f5es centrais da IA em AMR \u00e9 a detec\u00e7\u00e3o r\u00e1pida e precisa de padr\u00f5es de resist\u00eancia em dados gen\u00f4micos, cl\u00ednicos e ambientais<br \/>\nQuais s\u00e3o os dilemas \u00e9ticos e de biosseguran\u00e7a emergentes na biologia sint\u00e9tica?<\/p>\n<p>O uso de biologia sint\u00e9tica, combinado com IA e bioinform\u00e1tica, abre novas fronteiras para o bom-uso e, simultaneamente, riscos. Por um lado, podemos projetar microrganismos ben\u00e9ficos ou editar cepas para reduzir resist\u00eancia; por outro, h\u00e1 preocupa\u00e7\u00f5es s\u00e9rias quanto ao mau-uso ou dual-use (uso dual) dessas tecnologias.<\/p>\n<ul>\n<li>O risco de que agentes patog\u00eanicos sejam modificados ou extra\u00eddos de novo com caracter\u00edsticas ampliadas de resist\u00eancia ou virul\u00eancia.<\/li>\n<li>Desigualdades e vieses no uso de dados e ferramentas: se a IA for aplicada sem transpar\u00eancia ou participa\u00e7\u00e3o equitativa, pode refor\u00e7ar diferen\u00e7as na sa\u00fade p\u00fablica.<\/li>\n<li>Privacidade e seguran\u00e7a: bancos de dados gen\u00f4micos e ambientais cont\u00eam informa\u00e7\u00e3o sens\u00edvel, que deve ser protegida para evitar mau-uso ou vazamento.<\/li>\n<\/ul>\n<p>Por fim, a governan\u00e7a dessas tecnologias exige pol\u00edticas, marcos regulat\u00f3rios e coopera\u00e7\u00e3o internacional para assegurar que os benef\u00edcios sejam maximizados e os riscos mitigados.<\/p>\n<p>Por que \u201cca\u00e7ar\u201d bact\u00e9rias resistentes com algoritmos importa para a sa\u00fade global?<\/p>\n<p>Se as bact\u00e9rias resistentes continuam a evoluir sem resposta adequada, estamos caminhando para um futuro em que infec\u00e7\u00f5es comuns podem deixar de ter tratamento eficaz. Isso afeta diretamente a sa\u00fade humana, o setor de sa\u00fade e a economia global.<\/p>\n<p>Algoritmos que permitem detec\u00e7\u00e3o precoce, predi\u00e7\u00e3o de resist\u00eancia, otimiza\u00e7\u00e3o do uso de antibi\u00f3ticos e descoberta de novos compostos antimicrobianos tornam-se ferramentas fundamentais nessa luta. Quando bem aplicados, eles podem conter a dissemina\u00e7\u00e3o de cepas resistentes, reduzir a mortalidade, e preservar a efic\u00e1cia dos antibi\u00f3ticos para as gera\u00e7\u00f5es futuras.<\/p>\n<p>Se quiser, posso trazer exemplos de estudos recentes em portugu\u00eas, bases de dados relevantes ou softwares abertos usados nessa \u00e1rea.<\/p>\n","protected":false},"excerpt":{"rendered":"A crescente dissemina\u00e7\u00e3o de microrganismos resistentes aos antibi\u00f3ticos coloca a sa\u00fade humana, animal e ambiental em risco. Neste&hellip;\n","protected":false},"author":2,"featured_media":130826,"comment_status":"","ping_status":"","sticky":false,"template":"","format":"standard","meta":{"footnotes":""},"categories":[86],"tags":[4614,539,116,933,32,33,117],"class_list":{"0":"post-130825","1":"post","2":"type-post","3":"status-publish","4":"format-standard","5":"has-post-thumbnail","7":"category-saude","8":"tag-biologia","9":"tag-educacao","10":"tag-health","11":"tag-inteligencia-artificial","12":"tag-portugal","13":"tag-pt","14":"tag-saude"},"share_on_mastodon":{"url":"https:\/\/pubeurope.com\/@pt\/115456109866966379","error":""},"_links":{"self":[{"href":"https:\/\/www.europesays.com\/pt\/wp-json\/wp\/v2\/posts\/130825","targetHints":{"allow":["GET"]}}],"collection":[{"href":"https:\/\/www.europesays.com\/pt\/wp-json\/wp\/v2\/posts"}],"about":[{"href":"https:\/\/www.europesays.com\/pt\/wp-json\/wp\/v2\/types\/post"}],"author":[{"embeddable":true,"href":"https:\/\/www.europesays.com\/pt\/wp-json\/wp\/v2\/users\/2"}],"replies":[{"embeddable":true,"href":"https:\/\/www.europesays.com\/pt\/wp-json\/wp\/v2\/comments?post=130825"}],"version-history":[{"count":0,"href":"https:\/\/www.europesays.com\/pt\/wp-json\/wp\/v2\/posts\/130825\/revisions"}],"wp:featuredmedia":[{"embeddable":true,"href":"https:\/\/www.europesays.com\/pt\/wp-json\/wp\/v2\/media\/130826"}],"wp:attachment":[{"href":"https:\/\/www.europesays.com\/pt\/wp-json\/wp\/v2\/media?parent=130825"}],"wp:term":[{"taxonomy":"category","embeddable":true,"href":"https:\/\/www.europesays.com\/pt\/wp-json\/wp\/v2\/categories?post=130825"},{"taxonomy":"post_tag","embeddable":true,"href":"https:\/\/www.europesays.com\/pt\/wp-json\/wp\/v2\/tags?post=130825"}],"curies":[{"name":"wp","href":"https:\/\/api.w.org\/{rel}","templated":true}]}}