{"id":130827,"date":"2025-10-29T06:52:13","date_gmt":"2025-10-29T06:52:13","guid":{"rendered":"https:\/\/www.europesays.com\/pt\/130827\/"},"modified":"2025-10-29T06:52:13","modified_gmt":"2025-10-29T06:52:13","slug":"alba-baptista-e-chris-evans-sao-pais-pela-primeira-vez-gravidez-foi-mantida-em-segredo","status":"publish","type":"post","link":"https:\/\/www.europesays.com\/pt\/130827\/","title":{"rendered":"Alba Baptista e Chris Evans s\u00e3o pais pela primeira vez. Gravidez foi mantida em segredo!"},"content":{"rendered":"<p>Para surpresa de muitos,\u00a0<a href=\"https:\/\/selfie.iol.pt\/famosos\/chris-evans\/alba-baptista-e-chris-evans-compram-casa-em-portugal-saiba-onde\/20240812\/66ba687bd34e94b829041aaf\" target=\"_blank\" rel=\"nofollow noopener\">Alba Baptista<\/a>, de 28 anos, e Chris Evans, de 44, s\u00e3o pais pela primeira vez.<\/p>\n<p>A not\u00edcia foi avan\u00e7ada pelo site\u00a0&#8220;<a href=\"https:\/\/www.tmz.com\/2025\/10\/28\/chris-evans-alba-baptista-first-baby\/\" target=\"_blank\" rel=\"nofollow noopener\">TMZ<\/a>&#8221; e espanta tudo e todos, j\u00e1 que a gravidez da atriz foi mantida em segredo.<\/p>\n<p>Segundo a mesma fonte, o beb\u00e9 de Alba Baptista e <a href=\"https:\/\/selfie.iol.pt\/famosos\/oscares\/chris-evans-e-alba-baptista-surgem-juntos-nos-oscares-e-detalhe-chama-a-atencao-esta-gravida\/20240311\/65eeea7ed34e8d13c9b8b286\" target=\"_blank\" rel=\"nofollow noopener\">Chris Evans<\/a> veio ao mundo, no passado s\u00e1bado, dia 25, em Massachusetts. At\u00e9 ao momento, o sexo e o nome do rec\u00e9m-nascido n\u00e3o s\u00e3o conhecidos.<\/p>\n<p>A portuguesa e o norte-americano, recorde-se, s\u00e3o casados desde 2023.<\/p>\n","protected":false},"excerpt":{"rendered":"Para surpresa de muitos,\u00a0Alba Baptista, de 28 anos, e Chris Evans, de 44, s\u00e3o pais pela primeira vez.&hellip;\n","protected":false},"author":2,"featured_media":130828,"comment_status":"","ping_status":"","sticky":false,"template":"","format":"standard","meta":{"footnotes":""},"categories":[145],"tags":[29573,1244,813,2557,211,210,4417,114,115,980,3435,619,11439,4897,11443,161,32,33,1012,162],"class_list":{"0":"post-130827","1":"post","2":"type-post","3":"status-publish","4":"format-standard","5":"has-post-thumbnail","7":"category-celebridades","8":"tag-alba-baptista","9":"tag-ator","10":"tag-atriz","11":"tag-bebe","12":"tag-celebridades","13":"tag-celebrities","14":"tag-chris-evans","15":"tag-entertainment","16":"tag-entretenimento","17":"tag-famosos","18":"tag-filho","19":"tag-nacional","20":"tag-nasceu","21":"tag-nascimento","22":"tag-nascimentos-2025","23":"tag-novelas","24":"tag-portugal","25":"tag-pt","26":"tag-selfie","27":"tag-tvi"},"share_on_mastodon":{"url":"https:\/\/pubeurope.com\/@pt\/115456137154616842","error":""},"_links":{"self":[{"href":"https:\/\/www.europesays.com\/pt\/wp-json\/wp\/v2\/posts\/130827","targetHints":{"allow":["GET"]}}],"collection":[{"href":"https:\/\/www.europesays.com\/pt\/wp-json\/wp\/v2\/posts"}],"about":[{"href":"https:\/\/www.europesays.com\/pt\/wp-json\/wp\/v2\/types\/post"}],"author":[{"embeddable":true,"href":"https:\/\/www.europesays.com\/pt\/wp-json\/wp\/v2\/users\/2"}],"replies":[{"embeddable":true,"href":"https:\/\/www.europesays.com\/pt\/wp-json\/wp\/v2\/comments?post=130827"}],"version-history":[{"count":0,"href":"https:\/\/www.europesays.com\/pt\/wp-json\/wp\/v2\/posts\/130827\/revisions"}],"wp:featuredmedia":[{"embeddable":true,"href":"https:\/\/www.europesays.com\/pt\/wp-json\/wp\/v2\/media\/130828"}],"wp:attachment":[{"href":"https:\/\/www.europesays.com\/pt\/wp-json\/wp\/v2\/media?parent=130827"}],"wp:term":[{"taxonomy":"category","embeddable":true,"href":"https:\/\/www.europesays.com\/pt\/wp-json\/wp\/v2\/categories?post=130827"},{"taxonomy":"post_tag","embeddable":true,"href":"https:\/\/www.europesays.com\/pt\/wp-json\/wp\/v2\/tags?post=130827"}],"curies":[{"name":"wp","href":"https:\/\/api.w.org\/{rel}","templated":true}]}}