{"id":130833,"date":"2025-10-29T07:04:41","date_gmt":"2025-10-29T07:04:41","guid":{"rendered":"https:\/\/www.europesays.com\/pt\/130833\/"},"modified":"2025-10-29T07:04:41","modified_gmt":"2025-10-29T07:04:41","slug":"portugal-ja-teve-horarios-diferentes","status":"publish","type":"post","link":"https:\/\/www.europesays.com\/pt\/130833\/","title":{"rendered":"Portugal j\u00e1 teve hor\u00e1rios diferentes"},"content":{"rendered":"<p class=\"wp-caption-text top\"><a href=\"https:\/\/depositphotos.com\/photo\/almost-twelve-2726377.html\" rel=\"nofollow noopener noreferrer\" data-wpel-link=\"exclude\" target=\"_blank\">Pletus \/ depositphotos<\/a><\/p>\n<p><img decoding=\"async\" loading=\"lazy\" class=\"size-kopa-image-size-3 wp-image-708210\" src=\"https:\/\/www.europesays.com\/pt\/wp-content\/uploads\/2025\/10\/4dcfe95522b37dc3e6e34e28003bcc0e-783x450.jpg\" alt=\"\" width=\"700\" height=\"402\"  \/><\/p>\n<p><strong>Meridiano, n\u00e3o de Greenwich, mas sim de Lisboa. I Guerra Mundial, Estado Novo, Cavaco e Guterres. P\u00f4r-do-sol depois das 22h.<\/strong><\/p>\n<p>Ainda nos estamos a habituar \u00e0<strong> mudan\u00e7a de hora<\/strong>. Sabemos que vai acontecer no \u00faltimo domingo de Outubro mas, nos primeiros dias (\u00e0s vezes nas primeiras semanas) depois da altera\u00e7\u00e3o de uma hora, a fase \u00e9 de adapta\u00e7\u00e3o.<\/p>\n<p>Mas esta rotina n\u00e3o foi assim durante a maioria dos s\u00e9culos. S\u00f3 h\u00e1 pouco mais de 100 anos \u00e9 que Portugal deixou o <strong>Meridiano de Lisboa<\/strong> e adoptou o Meridiano de Greenwich. Foi em 1912, ainda nos primeiros tempos de um pa\u00eds republicano.<\/p>\n<p>Na pr\u00e1tica, o que aconteceu nessa altura? <strong>Todos os rel\u00f3gios em Portugal foram adiantados 36 minutos e 44 segundos<\/strong>; porque era essa a dist\u00e2ncia temporal entre a capital de Portugal e a zona inglesa perto de Londres.<\/p>\n<p>Para poupar energia a partir da<strong> I Guerra Mundial<\/strong>, lembra a r\u00e1dio <a href=\"https:\/\/rr.pt\/especial\/pais\/2025\/10\/25\/sempre-que-portugal-nao-teve-hora-de-verao-a-experiencia-foi-abandonada-passado-uns-anos\/445116\/\" data-wpel-link=\"external\" target=\"_blank\" rel=\"nofollow external noopener noreferrer\" class=\"ext-link\">Renascen\u00e7a<\/a>, o <strong>hor\u00e1rio de Ver\u00e3o<\/strong> foi adoptado na maioria dos anos at\u00e9 1930.<\/p>\n<p>Esse hor\u00e1rio de Ver\u00e3o foi <strong>cancelado no Estado Novo<\/strong>, em 1966. Am\u00e9rico Tom\u00e1s, presidente da Rep\u00fablica naquela \u00e9poca, definiu o abandono dessa mudan\u00e7a. Porque devia haver \u201cuma hora \u00fanica durante todo o ano\u201d. Ao longo de uma d\u00e9cada,<strong> Portugal teve o mesmo hor\u00e1rio de Espanha, Fran\u00e7a ou Alemanha<\/strong>. Algo que se repetiu com Cavaco Silva, entre 1992 e 1996.<\/p>\n<p>Nesses dois per\u00edodos, houve assim um<strong> desfasamento de 2 horas e 36 minutos<\/strong> para o seu hor\u00e1rio solar natural no Ver\u00e3o \u2013 e de 1 hora e 36 minutos de desfasamento no Inverno.<\/p>\n<p>O <strong>sol aparecia s\u00f3 depois das 9h<\/strong> da manh\u00e3, no Inverno, e<strong> s\u00f3 ia embora depois das 22h<\/strong>, no Ver\u00e3o.<\/p>\n<p>\u201cE, faltando a luz solar natural (ao in\u00edcio da manh\u00e3), o corpo n\u00e3o acorda\u201d, lembra Rui Agostinho, professor do Departamento de F\u00edsica da Faculdade de Ci\u00eancias da Universidade de Lisboa.<\/p>\n<p>O<strong> fuso hor\u00e1rio actual<\/strong> est\u00e1 em vigor h\u00e1 praticamente 30 anos, desde <strong>1996,<\/strong> sob o Governo de Ant\u00f3nio Guterres.<\/p>\n<p>O antigo director do Observat\u00f3rio Astron\u00f3mico de Lisboa considera que, sem \u201chora de ver\u00e3o\u201d, iriam<strong> perder-se \u201choras de sol\u201d<\/strong> que desapareceriam do final da tarde.<\/p>\n<p>Mas Rui Agostinho diz na Renascen\u00e7a que a mudan\u00e7a de hora que acontece sempre no final de Outubro deveria acontecer em <strong>Setembro.<\/strong><\/p>\n<p>Mudar de hora s\u00f3 em Outubro \u00e9 \u201cmuito complicado\u201d, indica o especialista: \u201cNeste momento (antes da mudan\u00e7a de hora) \u00e0s 7h da manh\u00e3 ainda est\u00e1 escuro no c\u00e9u. Estamos a ter em Outubro aquilo que mais ou menos depois teremos novamente em Dezembro. O amanhecer \u00e9 extremamente tardio, muito tardio mesmo, e sente-se muito a transi\u00e7\u00e3o do hor\u00e1rio de sexta-feira para o hor\u00e1rio de segunda-feira\u201d.<\/p>\n<p>Mudar a hora em setembro seria uma mudan\u00e7a \u201cmais pac\u00edfica\u201d devido \u00e0 temperatura.<\/p>\n<p>    <a href=\"https:\/\/zap.aeiou.pt\/subscrever-newsletter\" data-wpel-link=\"internal\" rel=\"nofollow noopener\" target=\"_blank\">&#13;<br \/>\n        <img loading=\"lazy\" decoding=\"async\" class=\"aligncenter size-full wp-image-575475\" src=\"https:\/\/www.europesays.com\/pt\/wp-content\/uploads\/2025\/10\/1759862234_971_2d51fe4a0ba54894421ead1809309ed9-1-450x140.jpg\" alt=\"Subscreva a Newsletter ZAP\" width=\"450\" height=\"140\"\/>&#13;<br \/>\n    <\/a><\/p>\n<p>                <a href=\"https:\/\/whatsapp.com\/channel\/0029VaIC4EE2f3EJZPPSbR34\" data-wpel-link=\"external\" target=\"_blank\" rel=\"nofollow external noopener noreferrer\" class=\"ext-link\">&#13;<br \/>\n                    <img loading=\"lazy\" decoding=\"async\" class=\"aligncenter size-full wp-image-575475\" src=\"https:\/\/www.europesays.com\/pt\/wp-content\/uploads\/2025\/10\/1759862234_512_c68c559d956d4ca20f435ed74a6e71e6.png\" alt=\"Siga-nos no WhatsApp\" width=\"175\" height=\"64\"\/>&#13;<br \/>\n                <\/a><\/p>\n<p>                <a href=\"https:\/\/news.google.com\/publications\/CAAiEHRwZondIV71PDjWNoqMduEqFAgKIhB0cGaJ3SFe9Tw41jaKjHbh?hl=en-US&amp;gl=US&amp;ceid=US%3Aen\" data-wpel-link=\"external\" target=\"_blank\" rel=\"nofollow external noopener noreferrer\" class=\"ext-link\">&#13;<br \/>\n                    <img loading=\"lazy\" decoding=\"async\" class=\"aligncenter size-full wp-image-575475\" src=\"https:\/\/www.europesays.com\/pt\/wp-content\/uploads\/2025\/10\/1759862235_242_5123dd8b087b644fdb8f8603acd1bad4.png\" alt=\"Siga-nos no Google News\" width=\"176\" height=\"64\"\/>&#13;<br \/>\n                <\/a><\/p>\n","protected":false},"excerpt":{"rendered":"Pletus \/ depositphotos Meridiano, n\u00e3o de Greenwich, mas sim de Lisboa. I Guerra Mundial, Estado Novo, Cavaco e&hellip;\n","protected":false},"author":2,"featured_media":130834,"comment_status":"","ping_status":"","sticky":false,"template":"","format":"standard","meta":{"footnotes":""},"categories":[10],"tags":[27,28,4056,2270,15,16,14,736,25,26,21,22,12,13,19,20,32,23,24,33,17,18,29,30,31],"class_list":{"0":"post-130833","1":"post","2":"type-post","3":"status-publish","4":"format-standard","5":"has-post-thumbnail","7":"category-portugal","8":"tag-breaking-news","9":"tag-breakingnews","10":"tag-curiosidade","11":"tag-energia","12":"tag-featured-news","13":"tag-featurednews","14":"tag-headlines","15":"tag-historia","16":"tag-latest-news","17":"tag-latestnews","18":"tag-main-news","19":"tag-mainnews","20":"tag-news","21":"tag-noticias","22":"tag-noticias-principais","23":"tag-noticiasprincipais","24":"tag-portugal","25":"tag-principais-noticias","26":"tag-principaisnoticias","27":"tag-pt","28":"tag-top-stories","29":"tag-topstories","30":"tag-ultimas","31":"tag-ultimas-noticias","32":"tag-ultimasnoticias"},"share_on_mastodon":{"url":"https:\/\/pubeurope.com\/@pt\/115456184817867295","error":""},"_links":{"self":[{"href":"https:\/\/www.europesays.com\/pt\/wp-json\/wp\/v2\/posts\/130833","targetHints":{"allow":["GET"]}}],"collection":[{"href":"https:\/\/www.europesays.com\/pt\/wp-json\/wp\/v2\/posts"}],"about":[{"href":"https:\/\/www.europesays.com\/pt\/wp-json\/wp\/v2\/types\/post"}],"author":[{"embeddable":true,"href":"https:\/\/www.europesays.com\/pt\/wp-json\/wp\/v2\/users\/2"}],"replies":[{"embeddable":true,"href":"https:\/\/www.europesays.com\/pt\/wp-json\/wp\/v2\/comments?post=130833"}],"version-history":[{"count":0,"href":"https:\/\/www.europesays.com\/pt\/wp-json\/wp\/v2\/posts\/130833\/revisions"}],"wp:featuredmedia":[{"embeddable":true,"href":"https:\/\/www.europesays.com\/pt\/wp-json\/wp\/v2\/media\/130834"}],"wp:attachment":[{"href":"https:\/\/www.europesays.com\/pt\/wp-json\/wp\/v2\/media?parent=130833"}],"wp:term":[{"taxonomy":"category","embeddable":true,"href":"https:\/\/www.europesays.com\/pt\/wp-json\/wp\/v2\/categories?post=130833"},{"taxonomy":"post_tag","embeddable":true,"href":"https:\/\/www.europesays.com\/pt\/wp-json\/wp\/v2\/tags?post=130833"}],"curies":[{"name":"wp","href":"https:\/\/api.w.org\/{rel}","templated":true}]}}