{"id":130835,"date":"2025-10-29T07:05:11","date_gmt":"2025-10-29T07:05:11","guid":{"rendered":"https:\/\/www.europesays.com\/pt\/130835\/"},"modified":"2025-10-29T07:05:11","modified_gmt":"2025-10-29T07:05:11","slug":"taca-da-liga-sporting-goleia-alverca-e-avanca-para-a-final-four-futebol-nacional","status":"publish","type":"post","link":"https:\/\/www.europesays.com\/pt\/130835\/","title":{"rendered":"Ta\u00e7a da Liga: Sporting goleia Alverca e avan\u00e7a para a final four | Futebol nacional"},"content":{"rendered":"<p>O Sporting, com um &#8220;onze&#8221; revolucion\u00e1rio, goleou esta ter\u00e7a-feira o Alverca, por 5-1, em Alvalade, em partida dos quartos-de-final da Ta\u00e7a da Liga, e garantiu a primeira vaga na final four de Leiria, aguardando o desfecho do FC Porto-Vit\u00f3ria SC, de 4 de Dezembro.<\/p>\n<p>Geovany Quenda (21 e 58&#8242;) e Salvador Blopa (30 e 70&#8242;) resolveram um jogo em que Ioannidis fechou (81&#8242;) para os &#8220;le\u00f5es&#8221; e Sandro Lima (85&#8242;) amenizou do lado de um Alverca que praticamente n\u00e3o teve voz activa, sendo dominado de princ\u00edpio a fim por um &#8220;le\u00e3o&#8221; que disfar\u00e7ou bem o facto de ter entrado em gest\u00e3o.<\/p>\n<p>Num estranho<a href=\"https:\/\/www.publico.pt\/2025\/10\/28\/desporto\/noticia\/taca-liga-tres-jogos-seis-dias-sporting-alverca-dobrar-2152341\" rel=\"nofollow noopener\" target=\"_blank\"> ensaio geral para o jogo da pr\u00f3xima sexta-feira<\/a>, para o campeonato, Sporting e Alverca apresentaram-se em Alvalade com equipas alternativas, o que deixava alguma margem \u00e0 especula\u00e7\u00e3o.<\/p>\n<p>Os sportinguistas, por uma quest\u00e3o \u00f3bvia de pura gest\u00e3o, surgiram com um \u201conze\u201d totalmente novo comparativamente com o que iniciou o <a href=\"https:\/\/www.publico.pt\/2025\/10\/26\/desporto\/noticia\/sporting-vence-tondela-chegase-frente-2152225\" rel=\"nofollow noopener\" target=\"_blank\">jogo de Tondela<\/a>; O Alverca, com oito baixas, for\u00e7ou Cust\u00f3dio Castro a fazer sete altera\u00e7\u00f5es em rela\u00e7\u00e3o ao \u201conze\u201d da goleada caseira sofrida ante o Gil Vicente.<\/p>\n<p>Apesar da revolu\u00e7\u00e3o, Rui Borges chamou a jogo os cinco suplentes utilizados do \u00faltimo jogo da Liga, reservando apenas uma verdadeira surpresa, confiando a ala direita ao jovem Salvador Blopa, de 18 anos, da equipa B, que, sendo lateral, assumiu o lugar natural de Geovany Quenda. Uma aposta feliz, sobretudo para o longil\u00edneo \u201cextremo\u201d, que impressiona pela complei\u00e7\u00e3o e pela maturidade.<\/p>\n<p>A entrada de Salvador Blopa obrigou Quenda a embrenhar-se em terrenos mais interiores, cumprindo um papel normalmente desempenhado por Francisco Trinc\u00e3o, prevendo a estrat\u00e9gia do Alverca e a linha de cinco defesas que o Sporting atacou com a subida de Ricardo Mangas.<\/p>\n<p>O lateral foi, de resto, o primeiro a amea\u00e7ar o guarda-redes dos ribatejanos, isolado por Morita, dando in\u00edcio ao assalto. Perante um advers\u00e1rio entrincheirado, o 3x2x4x1 do Sporting garantia condi\u00e7\u00f5es de seguran\u00e7a mais do que suficientes, para al\u00e9m de uma maior variabilidade de jogo, patrocinada pelos equil\u00edbrios promovidos por Morita e Kochorashvili.<\/p>\n<p>Estavam, de forma clara, reunidas as condi\u00e7\u00f5es para um &#8220;mon\u00f3logo&#8221; a que Geovany Quenda deu forte entoa\u00e7\u00e3o, marcando o primeiro da noite aos 21 minutos, concluindo um lance iniciado em Matheus Reis, com assist\u00eancia de cabe\u00e7a de Vagiannidis.<\/p>\n<p>Outro grego, Ioannidis, teria um papel fundamental no segundo golo, que ofereceu a Salvador Blopa. Sem tremer, o jovem tirou o defesa do caminho e rematou para as redes, dando especial brilho \u00e0 estreia pela primeira equipa dos \u201cle\u00f5es\u201d.<\/p>\n<p>        &#13;<\/p>\n<blockquote class=\"twitter-tweet\" data-media-max-width=\"560\">\n<p lang=\"pt\" dir=\"ltr\">Quenda faz o primeiro dos le\u00f5es ??<a href=\"https:\/\/twitter.com\/hashtag\/sporttvportugal?src=hash&amp;ref_src=twsrc%5Etfw\" rel=\"nofollow noopener\" target=\"_blank\">#sporttvportugal<\/a> <a href=\"https:\/\/twitter.com\/hashtag\/TA%C3%87AnaSPORTTV?src=hash&amp;ref_src=twsrc%5Etfw\" rel=\"nofollow noopener\" target=\"_blank\">#TA\u00c7AnaSPORTTV<\/a> <a href=\"https:\/\/twitter.com\/hashtag\/AllianzCup?src=hash&amp;ref_src=twsrc%5Etfw\" rel=\"nofollow noopener\" target=\"_blank\">#AllianzCup<\/a> <a href=\"https:\/\/twitter.com\/hashtag\/SportingCP?src=hash&amp;ref_src=twsrc%5Etfw\" rel=\"nofollow noopener\" target=\"_blank\">#SportingCP<\/a> <a href=\"https:\/\/twitter.com\/hashtag\/FCAlverca?src=hash&amp;ref_src=twsrc%5Etfw\" rel=\"nofollow noopener\" target=\"_blank\">#FCAlverca<\/a> <a href=\"https:\/\/t.co\/qpg4btLrDs\" rel=\"nofollow\">pic.twitter.com\/qpg4btLrDs<\/a><\/p>\n<p>\u2014 sport tv (@sporttvportugal) <a href=\"https:\/\/twitter.com\/sporttvportugal\/status\/1983274034017010173?ref_src=twsrc%5Etfw\" rel=\"nofollow noopener\" target=\"_blank\">October 28, 2025<\/a><\/p><\/blockquote>\n<p> &#13;<\/p>\n<p>O Sporting chegava ao intervalo com uma vantagem confort\u00e1vel e com um aproveitamento de 50 por cento na finaliza\u00e7\u00e3o, deixando o Alverca numa posi\u00e7\u00e3o de grande vulnerabilidade, obrigado a ir a jogo e a expor-se para evitar a elimina\u00e7\u00e3o.<\/p>\n<p>        &#13;<\/p>\n<blockquote class=\"twitter-tweet\" data-media-max-width=\"560\">\n<p lang=\"pt\" dir=\"ltr\">Salvador Blopa faz o segundo em dia de estreia na equipa principal ??<a href=\"https:\/\/twitter.com\/hashtag\/sporttvportugal?src=hash&amp;ref_src=twsrc%5Etfw\" rel=\"nofollow noopener\" target=\"_blank\">#sporttvportugal<\/a> <a href=\"https:\/\/twitter.com\/hashtag\/TA%C3%87AnaSPORTTV?src=hash&amp;ref_src=twsrc%5Etfw\" rel=\"nofollow noopener\" target=\"_blank\">#TA\u00c7AnaSPORTTV<\/a> <a href=\"https:\/\/twitter.com\/hashtag\/AllianzCup?src=hash&amp;ref_src=twsrc%5Etfw\" rel=\"nofollow noopener\" target=\"_blank\">#AllianzCup<\/a> <a href=\"https:\/\/twitter.com\/hashtag\/SportingCP?src=hash&amp;ref_src=twsrc%5Etfw\" rel=\"nofollow noopener\" target=\"_blank\">#SportingCP<\/a> <a href=\"https:\/\/twitter.com\/hashtag\/FCAlverca?src=hash&amp;ref_src=twsrc%5Etfw\" rel=\"nofollow noopener\" target=\"_blank\">#FCAlverca<\/a> <a href=\"https:\/\/t.co\/L1fQcMP5b0\" rel=\"nofollow\">pic.twitter.com\/L1fQcMP5b0<\/a><\/p>\n<p>\u2014 sport tv (@sporttvportugal) <a href=\"https:\/\/twitter.com\/sporttvportugal\/status\/1983275686321086764?ref_src=twsrc%5Etfw\" rel=\"nofollow noopener\" target=\"_blank\">October 28, 2025<\/a><\/p><\/blockquote>\n<p> &#13;<\/p>\n<p>Exactamente o tipo de atitude que, em tese, favorecia a equipa da casa, que depois de ter aberto caminho para a final four, j\u00e1 nem precisava de manter Ricardo Mangas t\u00e3o adiantado, aguardando apenas o momento certo para poder sentenciar o jogo.<\/p>\n<p>        &#13;<\/p>\n<blockquote class=\"twitter-tweet\" data-media-max-width=\"560\">\n<p lang=\"pt\" dir=\"ltr\">Bis de Quenda para o 3-0 ??<a href=\"https:\/\/twitter.com\/hashtag\/sporttvportugal?src=hash&amp;ref_src=twsrc%5Etfw\" rel=\"nofollow noopener\" target=\"_blank\">#sporttvportugal<\/a> <a href=\"https:\/\/twitter.com\/hashtag\/TA%C3%87AnaSPORTTV?src=hash&amp;ref_src=twsrc%5Etfw\" rel=\"nofollow noopener\" target=\"_blank\">#TA\u00c7AnaSPORTTV<\/a> <a href=\"https:\/\/twitter.com\/hashtag\/AllianzCup?src=hash&amp;ref_src=twsrc%5Etfw\" rel=\"nofollow noopener\" target=\"_blank\">#AllianzCup<\/a> <a href=\"https:\/\/twitter.com\/hashtag\/SportingCP?src=hash&amp;ref_src=twsrc%5Etfw\" rel=\"nofollow noopener\" target=\"_blank\">#SportingCP<\/a> <a href=\"https:\/\/twitter.com\/hashtag\/FCAlverca?src=hash&amp;ref_src=twsrc%5Etfw\" rel=\"nofollow noopener\" target=\"_blank\">#FCAlverca<\/a> <a href=\"https:\/\/t.co\/7iFf1fd15r\" rel=\"nofollow\">pic.twitter.com\/7iFf1fd15r<\/a><\/p>\n<p>\u2014 sport tv (@sporttvportugal) <a href=\"https:\/\/twitter.com\/sporttvportugal\/status\/1983289457202561337?ref_src=twsrc%5Etfw\" rel=\"nofollow noopener\" target=\"_blank\">October 28, 2025<\/a><\/p><\/blockquote>\n<p> &#13;<\/p>\n<p>E foi precisamente isso que aconteceu, depois de uma fase sem grandes incid\u00eancias, com Quenda a bisar aos 58 minutos e a superar os tr\u00eas golos obtidos na \u00e9poca anterior. Blopa n\u00e3o ficou atr\u00e1s e bisou aos 70, numa noite inesquec\u00edvel, assistido por Fl\u00e1vio Gon\u00e7alves, outro estreante. Ioannidis marcou o ponto (81&#8242;) e o Sporting n\u00e3o deixava margem para d\u00favidas, com o Alverca a vacilar e a sofrer nova goleada, que Sandro Lima (85&#8242;) atenuou um pouco.<\/p>\n<p>        &#13;<\/p>\n<blockquote class=\"twitter-tweet\" data-media-max-width=\"560\">\n<p lang=\"pt\" dir=\"ltr\">Blopa imita Quenda e tamb\u00e9m bisa na partida ??<a href=\"https:\/\/twitter.com\/hashtag\/sporttvportugal?src=hash&amp;ref_src=twsrc%5Etfw\" rel=\"nofollow noopener\" target=\"_blank\">#sporttvportugal<\/a> <a href=\"https:\/\/twitter.com\/hashtag\/TA%C3%87AnaSPORTTV?src=hash&amp;ref_src=twsrc%5Etfw\" rel=\"nofollow noopener\" target=\"_blank\">#TA\u00c7AnaSPORTTV<\/a> <a href=\"https:\/\/twitter.com\/hashtag\/AllianzCup?src=hash&amp;ref_src=twsrc%5Etfw\" rel=\"nofollow noopener\" target=\"_blank\">#AllianzCup<\/a> <a href=\"https:\/\/twitter.com\/hashtag\/SportingCP?src=hash&amp;ref_src=twsrc%5Etfw\" rel=\"nofollow noopener\" target=\"_blank\">#SportingCP<\/a> <a href=\"https:\/\/twitter.com\/hashtag\/FCAlverca?src=hash&amp;ref_src=twsrc%5Etfw\" rel=\"nofollow noopener\" target=\"_blank\">#FCAlverca<\/a> <a href=\"https:\/\/t.co\/Pks7GT6xWh\" rel=\"nofollow\">pic.twitter.com\/Pks7GT6xWh<\/a><\/p>\n<p>\u2014 sport tv (@sporttvportugal) <a href=\"https:\/\/twitter.com\/sporttvportugal\/status\/1983292046111539609?ref_src=twsrc%5Etfw\" rel=\"nofollow noopener\" target=\"_blank\">October 28, 2025<\/a><\/p><\/blockquote>\n<p> &#13;<\/p>\n<p>            <script async src=\"https:\/\/platform.twitter.com\/widgets.js\" charset=\"utf-8\"><\/script><\/p>\n","protected":false},"excerpt":{"rendered":"O Sporting, com um &#8220;onze&#8221; revolucion\u00e1rio, goleou esta ter\u00e7a-feira o Alverca, por 5-1, em Alvalade, em partida dos&hellip;\n","protected":false},"author":2,"featured_media":130836,"comment_status":"","ping_status":"","sticky":false,"template":"","format":"standard","meta":{"footnotes":""},"categories":[8],"tags":[5739,27,28,135,15,16,280,14,25,26,21,22,12,13,19,20,32,23,24,33,10804,34,5344,17,18,29,30,31],"class_list":{"0":"post-130835","1":"post","2":"type-post","3":"status-publish","4":"format-standard","5":"has-post-thumbnail","7":"category-principais-noticias","8":"tag-alverca","9":"tag-breaking-news","10":"tag-breakingnews","11":"tag-desporto","12":"tag-featured-news","13":"tag-featurednews","14":"tag-futebol-nacional","15":"tag-headlines","16":"tag-latest-news","17":"tag-latestnews","18":"tag-main-news","19":"tag-mainnews","20":"tag-news","21":"tag-noticias","22":"tag-noticias-principais","23":"tag-noticiasprincipais","24":"tag-portugal","25":"tag-principais-noticias","26":"tag-principaisnoticias","27":"tag-pt","28":"tag-resultados-jogos","29":"tag-sporting","30":"tag-taca-da-liga","31":"tag-top-stories","32":"tag-topstories","33":"tag-ultimas","34":"tag-ultimas-noticias","35":"tag-ultimasnoticias"},"share_on_mastodon":{"url":"https:\/\/pubeurope.com\/@pt\/115456188304218199","error":""},"_links":{"self":[{"href":"https:\/\/www.europesays.com\/pt\/wp-json\/wp\/v2\/posts\/130835","targetHints":{"allow":["GET"]}}],"collection":[{"href":"https:\/\/www.europesays.com\/pt\/wp-json\/wp\/v2\/posts"}],"about":[{"href":"https:\/\/www.europesays.com\/pt\/wp-json\/wp\/v2\/types\/post"}],"author":[{"embeddable":true,"href":"https:\/\/www.europesays.com\/pt\/wp-json\/wp\/v2\/users\/2"}],"replies":[{"embeddable":true,"href":"https:\/\/www.europesays.com\/pt\/wp-json\/wp\/v2\/comments?post=130835"}],"version-history":[{"count":0,"href":"https:\/\/www.europesays.com\/pt\/wp-json\/wp\/v2\/posts\/130835\/revisions"}],"wp:featuredmedia":[{"embeddable":true,"href":"https:\/\/www.europesays.com\/pt\/wp-json\/wp\/v2\/media\/130836"}],"wp:attachment":[{"href":"https:\/\/www.europesays.com\/pt\/wp-json\/wp\/v2\/media?parent=130835"}],"wp:term":[{"taxonomy":"category","embeddable":true,"href":"https:\/\/www.europesays.com\/pt\/wp-json\/wp\/v2\/categories?post=130835"},{"taxonomy":"post_tag","embeddable":true,"href":"https:\/\/www.europesays.com\/pt\/wp-json\/wp\/v2\/tags?post=130835"}],"curies":[{"name":"wp","href":"https:\/\/api.w.org\/{rel}","templated":true}]}}