{"id":130839,"date":"2025-10-29T07:09:22","date_gmt":"2025-10-29T07:09:22","guid":{"rendered":"https:\/\/www.europesays.com\/pt\/130839\/"},"modified":"2025-10-29T07:09:22","modified_gmt":"2025-10-29T07:09:22","slug":"nota-se-que-precisa-de-atencao","status":"publish","type":"post","link":"https:\/\/www.europesays.com\/pt\/130839\/","title":{"rendered":"Nota-se que precisa de aten\u00e7\u00e3o&#8230;"},"content":{"rendered":"<p>A rela\u00e7\u00e3o de Liliana e F\u00e1bio na casa do Secret Story 9 j\u00e1 conheceu melhores dias, visto que o casal voltou a protagonizar uma nova discuss\u00e3o que n\u00e3o passou despercebida aos restantes colegas.<\/p>\n<p>Em conversa com Dylan, Ana Cristina, Mariana e Marisa, Ana mostrou n\u00e3o ter d\u00favidas: \u201c<strong>Ela tem de ter a necessidade de sentir sempre um apoio e de estar ali sempre protegida<\/strong>\u201c. Por sua vez, Dylan considerou: \u201c<strong>Se tiver o azar de sair o F\u00e1bio antes dela, ela fica perdida<\/strong>\u201c.<\/p>\n<p>Neste sentido, a concorrente de Penafiel completou: \u201c<strong>Fica! Porque ela nota-se que \u00e9 uma pessoa que precisa de algu\u00e9m, precisa de aten\u00e7\u00e3o. E quando ela fala que eu n\u00e3o tenho grupo e estou sozinha, estou sim senhora. Ela n\u00e3o consegue, ela \u00e9 daquelas pessoas que n\u00e3o consegue estar sozinha, ela tem de ter algu\u00e9m sempre ali para ela<\/strong>\u201c.<\/p>\n<p>\u201c<strong>E quando viu o F\u00e1bio a dar-se com toda a gente, ficou atrapalhada do tipo: \u201cFiquei sem a Vera e agora o F\u00e1bio vai-se come\u00e7ar com os outros todos\u201d<\/strong>\u201c, finalizou.<\/p>\n<p><a href=\"https:\/\/tvi.iol.pt\/secretstory\/videos\/ana-rasga-liliana-nao-consegue-estar-sozinha-e-quando-viu-o-fabio\/68ff9eeb0cf29d28d8298fb1\" target=\"_blank\" rel=\"noopener nofollow\">Veja o v\u00eddeo aqui<\/a>.<\/p>\n<blockquote class=\"instagram-media\" style=\"background: #FFF; border: 0; border-radius: 3px; box-shadow: 0 0 1px 0 rgba(0,0,0,0.5),0 1px 10px 0 rgba(0,0,0,0.15); margin: 1px; max-width: 540px; min-width: 326px; padding: 0; width: calc(100% - 2px);\" data-instgrm-captioned=\"\" data-instgrm-permalink=\"https:\/\/www.instagram.com\/reel\/DQUdDAPDHZ0\/?utm_source=ig_embed&amp;utm_campaign=loading\" data-instgrm-version=\"14\">\n<\/blockquote>\n<p>\t\t\t\t\t\t\t\t\t\t\t\t\t\t\t\t\t\t\t\t\t\t\t\t\t\t\t<script async src=\"\/\/www.instagram.com\/embed.js\"><\/script><\/p>\n","protected":false},"excerpt":{"rendered":"A rela\u00e7\u00e3o de Liliana e F\u00e1bio na casa do Secret Story 9 j\u00e1 conheceu melhores dias, visto que&hellip;\n","protected":false},"author":2,"featured_media":130840,"comment_status":"","ping_status":"","sticky":false,"template":"","format":"standard","meta":{"footnotes":""},"categories":[142],"tags":[6340,27651,114,115,24621,19016,32,33,151],"class_list":{"0":"post-130839","1":"post","2":"type-post","3":"status-publish","4":"format-standard","5":"has-post-thumbnail","7":"category-tv","8":"tag-ana","9":"tag-discussu00e3o","10":"tag-entertainment","11":"tag-entretenimento","12":"tag-fu00e1bio","13":"tag-liliana","14":"tag-portugal","15":"tag-pt","16":"tag-tv"},"share_on_mastodon":{"url":"https:\/\/pubeurope.com\/@pt\/115456204027730717","error":""},"_links":{"self":[{"href":"https:\/\/www.europesays.com\/pt\/wp-json\/wp\/v2\/posts\/130839","targetHints":{"allow":["GET"]}}],"collection":[{"href":"https:\/\/www.europesays.com\/pt\/wp-json\/wp\/v2\/posts"}],"about":[{"href":"https:\/\/www.europesays.com\/pt\/wp-json\/wp\/v2\/types\/post"}],"author":[{"embeddable":true,"href":"https:\/\/www.europesays.com\/pt\/wp-json\/wp\/v2\/users\/2"}],"replies":[{"embeddable":true,"href":"https:\/\/www.europesays.com\/pt\/wp-json\/wp\/v2\/comments?post=130839"}],"version-history":[{"count":0,"href":"https:\/\/www.europesays.com\/pt\/wp-json\/wp\/v2\/posts\/130839\/revisions"}],"wp:featuredmedia":[{"embeddable":true,"href":"https:\/\/www.europesays.com\/pt\/wp-json\/wp\/v2\/media\/130840"}],"wp:attachment":[{"href":"https:\/\/www.europesays.com\/pt\/wp-json\/wp\/v2\/media?parent=130839"}],"wp:term":[{"taxonomy":"category","embeddable":true,"href":"https:\/\/www.europesays.com\/pt\/wp-json\/wp\/v2\/categories?post=130839"},{"taxonomy":"post_tag","embeddable":true,"href":"https:\/\/www.europesays.com\/pt\/wp-json\/wp\/v2\/tags?post=130839"}],"curies":[{"name":"wp","href":"https:\/\/api.w.org\/{rel}","templated":true}]}}