{"id":130841,"date":"2025-10-29T07:13:11","date_gmt":"2025-10-29T07:13:11","guid":{"rendered":"https:\/\/www.europesays.com\/pt\/130841\/"},"modified":"2025-10-29T07:13:11","modified_gmt":"2025-10-29T07:13:11","slug":"10-perguntas-mais-buscadas-no-google","status":"publish","type":"post","link":"https:\/\/www.europesays.com\/pt\/130841\/","title":{"rendered":"10 perguntas mais buscadas no Google"},"content":{"rendered":"\n<p class=\" content-text__container theme-color-primary-first-letter\" data-track-category=\"Link no Texto\" data-track-links=\"\"> A menopausa representa o fim da fase reprodutiva feminina e o<a class=\"\" href=\"https:\/\/oglobo.globo.com\/ela\/gente\/noticia\/2025\/10\/22\/flavia-alessandra-fala-sobre-menopausa-autoestima-e-liberdade-apos-os-50-hoje-me-sinto-mais-dona-de-mim.ghtml\" rel=\"nofollow noopener\" target=\"_blank\"> in\u00edcio de uma nova etapa de cuidados com a sa\u00fade da mulher<\/a>. Embora seja um processo natural, os sintomas e altera\u00e7\u00f5es podem variar significativamente de pessoa para pessoa. Em geral, ocorre entre os 45 e 55 anos, segundo o Minist\u00e9rio da Sa\u00fade. <\/p>\n<ul class=\"content-unordered-list\">\n<li><strong>Menopausa e climat\u00e9rio sem filtro: <\/strong><a class=\"\" href=\"https:\/\/oglobo.globo.com\/ela\/noticia\/2025\/07\/03\/menopausa-e-climaterio-sem-filtro-o-que-famosas-revelam-sobre-essa-transicao.ghtml\" rel=\"nofollow noopener\" target=\"_blank\"><strong>o que famosas revelam sobre essa transi\u00e7\u00e3o<\/strong><\/a><\/li>\n<li><strong>Menopausa e p\u00e2nico: <\/strong><a class=\"\" href=\"https:\/\/oglobo.globo.com\/ela\/noticia\/2025\/10\/24\/menopausa-e-panico-veja-relatos-de-personalidades-e-saiba-como-enfrentar-os-desafios-emocionais-dessa-fase.ghtml\" rel=\"nofollow noopener\" target=\"_blank\"><strong>veja relatos de personalidades e saiba como enfrentar os desafios emocionais dessa fase<\/strong><\/a><\/li>\n<\/ul>\n<p class=\" content-text__container \" data-track-category=\"Link no Texto\" data-track-links=\"\"> Dados do IBGE, citados em reportagem do Senado Federal, indicam que cerca de 7,9% das brasileiras est\u00e3o na faixa et\u00e1ria do climat\u00e9rio e da menopausa, o equivalente a aproximadamente 30 milh\u00f5es de mulheres. Estudos publicados na revista cient\u00edfica Climacteric apontam que 82% apresentam sintomas que podem comprometer a qualidade de vida. <\/p>\n<p class=\" content-text__container \" data-track-category=\"Link no Texto\" data-track-links=\"\"> O acompanhamento de todas as fases da vida reprodutiva feminina \u00e9 conduzido pelo ginecologista, mas o Minist\u00e9rio da Sa\u00fade recomenda uma abordagem multidisciplinar. Alimenta\u00e7\u00e3o equilibrada, exerc\u00edcios f\u00edsicos regulares e suporte emocional s\u00e3o essenciais para lidar com as mudan\u00e7as t\u00edpicas dessa fase. <\/p>\n<p class=\" content-text__container \" data-track-category=\"Link no Texto\" data-track-links=\"\"> Para entender melhor o interesse das brasileiras sobre o tema, a Growth Suplementos mapeou as principais perguntas feitas no Google ao longo de 2025. O termo &#8220;menopausa&#8221; registrou uma m\u00e9dia mensal de 64 mil buscas em todo o pa\u00eds. <\/p>\n<p>      <img decoding=\"async\" class=\"content-media__image\"  src=\"https:\/\/www.europesays.com\/pt\/wp-content\/uploads\/2025\/10\/menopausa.jpg\" alt=\"Menopausa: as 10 perguntas mais buscadas no Google e tudo que voc\u00ea precisa saber \u2014 Foto: Divulga\u00e7\u00e3o\" width=\"1500\" height=\"1129\" loading=\"lazy\"\/>  Menopausa: as 10 perguntas mais buscadas no Google e tudo que voc\u00ea precisa saber \u2014 Foto: Divulga\u00e7\u00e3o       <\/p>\n<p class=\" content-text__container \" data-track-category=\"Link no Texto\" data-track-links=\"\"> O levantamento evidencia n\u00e3o apenas a curiosidade sobre o tema, mas tamb\u00e9m um hist\u00f3rico de invisibilidade da sa\u00fade feminina. As d\u00favidas mais recorrentes refletem a busca por informa\u00e7\u00f5es introdut\u00f3rias, autodiagn\u00f3stico e esclarecimento sobre a diferen\u00e7a entre climat\u00e9rio e menopausa, j\u00e1 que muitas mulheres confundem essas fases. <\/p>\n<p class=\" content-text__container \" data-track-category=\"Link no Texto\" data-track-links=\"\"> Segundo a Organiza\u00e7\u00e3o Mundial da Sa\u00fade (OMS), a menopausa marca o fim do per\u00edodo reprodutivo da mulher, definido como 12 meses consecutivos sem menstrua\u00e7\u00e3o. A fase que a antecede \u00e9 chamada de climat\u00e9rio, caracterizando uma transi\u00e7\u00e3o gradual entre os per\u00edodos reprodutivo e n\u00e3o reprodutivo. <\/p>\n<p class=\" content-text__container \" data-track-category=\"Link no Texto\" data-track-links=\"\"> Algumas mulheres atravessam o climat\u00e9rio sem notar mudan\u00e7as significativas, enquanto outras enfrentam sintomas que impactam a rotina. O Minist\u00e9rio da Sa\u00fade destaca que as primeiras queixas observadas em consultas incluem cefaleia, fadiga, ins\u00f4nia, altera\u00e7\u00f5es de humor, depress\u00e3o e diminui\u00e7\u00e3o da libido. <\/p>\n<p class=\" content-text__container \" data-track-category=\"Link no Texto\" data-track-links=\"\"> Por ocorrer simultaneamente ao envelhecimento e \u00e0 redu\u00e7\u00e3o da fun\u00e7\u00e3o ovariana, o acompanhamento especializado \u00e9 fundamental. Um cuidado multidisciplinar permite analisar cada aspecto individual da mulher, aumentando a efic\u00e1cia das interven\u00e7\u00f5es e o controle dos sintomas. <\/p>\n<p class=\" content-text__container \" data-track-category=\"Link no Texto\" data-track-links=\"\"> A literatura m\u00e9dica aponta que fatores sociais, emocionais, culturais e psicol\u00f3gicos influenciam a intensidade dos sintomas durante o climat\u00e9rio e a menopausa. Entre os mais frequentes est\u00e3o: ondas de calor, &#8220;suor frio&#8221;, instabilidade emocional, tristeza, ins\u00f4nia, altera\u00e7\u00f5es na pele, mudan\u00e7as na silhueta e na distribui\u00e7\u00e3o de gordura corporal. <\/p>\n<p class=\" content-text__container \" data-track-category=\"Link no Texto\" data-track-links=\"\"> Muitas mulheres tamb\u00e9m relatam dificuldade para emagrecer ou facilidade no ganho de peso, fen\u00f4meno relacionado \u00e0 redu\u00e7\u00e3o da taxa metab\u00f3lica basal. A queda na produ\u00e7\u00e3o de estrog\u00eanio e a perda de massa muscular exigem ajustes na alimenta\u00e7\u00e3o e na rotina de exerc\u00edcios. <\/p>\n<p class=\" content-text__container \" data-track-category=\"Link no Texto\" data-track-links=\"\"> O metabolismo sofre altera\u00e7\u00f5es naturais com o fim do per\u00edodo reprodutivo, e o sistema end\u00f3crino tamb\u00e9m pode ser impactado. O Minist\u00e9rio da Sa\u00fade recomenda atividades aer\u00f3bicas regulares, que auxiliam na preven\u00e7\u00e3o de doen\u00e7as cardiovasculares e diabetes, al\u00e9m de exerc\u00edcios de resist\u00eancia muscular com carga, importantes para manter a densidade \u00f3ssea e reduzir o risco de osteoporose no p\u00f3s-menopausa. <\/p>\n","protected":false},"excerpt":{"rendered":"A menopausa representa o fim da fase reprodutiva feminina e o in\u00edcio de uma nova etapa de cuidados&hellip;\n","protected":false},"author":2,"featured_media":130842,"comment_status":"","ping_status":"","sticky":false,"template":"","format":"standard","meta":{"footnotes":""},"categories":[86],"tags":[319,116,32,33,318,117],"class_list":{"0":"post-130841","1":"post","2":"type-post","3":"status-publish","4":"format-standard","5":"has-post-thumbnail","7":"category-saude","8":"tag-hard-news","9":"tag-health","10":"tag-portugal","11":"tag-pt","12":"tag-radar","13":"tag-saude"},"share_on_mastodon":{"url":"https:\/\/pubeurope.com\/@pt\/115456219986513141","error":""},"_links":{"self":[{"href":"https:\/\/www.europesays.com\/pt\/wp-json\/wp\/v2\/posts\/130841","targetHints":{"allow":["GET"]}}],"collection":[{"href":"https:\/\/www.europesays.com\/pt\/wp-json\/wp\/v2\/posts"}],"about":[{"href":"https:\/\/www.europesays.com\/pt\/wp-json\/wp\/v2\/types\/post"}],"author":[{"embeddable":true,"href":"https:\/\/www.europesays.com\/pt\/wp-json\/wp\/v2\/users\/2"}],"replies":[{"embeddable":true,"href":"https:\/\/www.europesays.com\/pt\/wp-json\/wp\/v2\/comments?post=130841"}],"version-history":[{"count":0,"href":"https:\/\/www.europesays.com\/pt\/wp-json\/wp\/v2\/posts\/130841\/revisions"}],"wp:featuredmedia":[{"embeddable":true,"href":"https:\/\/www.europesays.com\/pt\/wp-json\/wp\/v2\/media\/130842"}],"wp:attachment":[{"href":"https:\/\/www.europesays.com\/pt\/wp-json\/wp\/v2\/media?parent=130841"}],"wp:term":[{"taxonomy":"category","embeddable":true,"href":"https:\/\/www.europesays.com\/pt\/wp-json\/wp\/v2\/categories?post=130841"},{"taxonomy":"post_tag","embeddable":true,"href":"https:\/\/www.europesays.com\/pt\/wp-json\/wp\/v2\/tags?post=130841"}],"curies":[{"name":"wp","href":"https:\/\/api.w.org\/{rel}","templated":true}]}}