{"id":130849,"date":"2025-10-29T07:23:18","date_gmt":"2025-10-29T07:23:18","guid":{"rendered":"https:\/\/www.europesays.com\/pt\/130849\/"},"modified":"2025-10-29T07:23:18","modified_gmt":"2025-10-29T07:23:18","slug":"apos-sair-de-secret-story-vera-toma-decisao-mas-volta-atras-cometi-um-erro","status":"publish","type":"post","link":"https:\/\/www.europesays.com\/pt\/130849\/","title":{"rendered":"Ap\u00f3s sair de &#8220;Secret Story&#8221;, Vera toma decis\u00e3o&#8230; mas volta atr\u00e1s: &#8220;Cometi um erro&#8221;"},"content":{"rendered":"<p>Depois de ter sido expulsa de &#8220;<a href=\"https:\/\/tvi.iol.pt\/secretstory\/\" target=\"_blank\" rel=\"nofollow noopener\">Secret Story &#8211; Casa dos Segredos<\/a>&#8220;, Vera tomou a decis\u00e3o de publicitar, nas respetivas redes sociais, conte\u00fado associado a apostas em casinos. No entanto, poucos dias depois, a ex-concorrente do reality show da <a href=\"https:\/\/tvi.iol.pt\/\" target=\"_blank\" rel=\"nofollow noopener\">TVI<\/a> voltou atr\u00e1s, tal como informou no Instagram.<\/p>\n<p>&#8220;Ol\u00e1 a todos. Quero aproveitar este momento para, sinceramente, pedir desculpa a todos os que me seguem. Recentemente, partilhei conte\u00fado relacionado com casinos e apostas, e ap\u00f3s refletir e me informar melhor sobre o assunto, percebi que esse tipo de partilhas n\u00e3o se alinha com os meus valores nem com a mensagem que quero transmitir aqui&#8221;, come\u00e7ou por referir <a href=\"https:\/\/selfie.iol.pt\/famosos\/casa-dos-segredos\/secret-story-em-plena-gala-ines-faz-pedido-e-vera-fica-de-boca-aberta\/20251026\/68feadbdd34e58bc679755c4\" target=\"_blank\" rel=\"nofollow noopener\">Vera<\/a> numa mensagem.<\/p>\n<p>De seguida, a jovem assinalou: &#8220;Como muitos sabem, ainda sou nova neste meio das plataformas e estou constantemente a aprender. Cometi um erro ao partilhar algo sem ter plena no\u00e7\u00e3o das implica\u00e7\u00f5es, e por isso quero reconhecer essa falha com total transpar\u00eancia.&#8221;<\/p>\n<p>&#8220;A partir de agora, decidi n\u00e3o fazer mais parte, nem promover qualquer tipo de conte\u00fado relacionado com valores opostos aos meus. Agrade\u00e7o a todos pela compreens\u00e3o e pelo apoio de sempre&#8221;, completou.<\/p>\n<p>Veja, agora, algumas das melhores imagens de Vera na galeria de fotografias que prepar\u00e1mos para si.<\/p>\n<p><img decoding=\"async\" alt=\"\" onclick=\"\" src=\"https:\/\/www.europesays.com\/pt\/wp-content\/uploads\/2025\/10\/1761722598_74_1024.jpeg\" title=\"Vera\"\/><\/p>\n","protected":false},"excerpt":{"rendered":"Depois de ter sido expulsa de &#8220;Secret Story &#8211; Casa dos Segredos&#8220;, Vera tomou a decis\u00e3o de publicitar,&hellip;\n","protected":false},"author":2,"featured_media":130850,"comment_status":"","ping_status":"","sticky":false,"template":"","format":"standard","meta":{"footnotes":""},"categories":[142],"tags":[2632,114,115,980,1015,619,32,33,1014,1315,1012,151,162,11841],"class_list":{"0":"post-130849","1":"post","2":"type-post","3":"status-publish","4":"format-standard","5":"has-post-thumbnail","7":"category-tv","8":"tag-casa-dos-segredos","9":"tag-entertainment","10":"tag-entretenimento","11":"tag-famosos","12":"tag-instagram","13":"tag-nacional","14":"tag-portugal","15":"tag-pt","16":"tag-reality-show","17":"tag-secret-story","18":"tag-selfie","19":"tag-tv","20":"tag-tvi","21":"tag-vera"},"share_on_mastodon":{"url":"https:\/\/pubeurope.com\/@pt\/115456259198201644","error":""},"_links":{"self":[{"href":"https:\/\/www.europesays.com\/pt\/wp-json\/wp\/v2\/posts\/130849","targetHints":{"allow":["GET"]}}],"collection":[{"href":"https:\/\/www.europesays.com\/pt\/wp-json\/wp\/v2\/posts"}],"about":[{"href":"https:\/\/www.europesays.com\/pt\/wp-json\/wp\/v2\/types\/post"}],"author":[{"embeddable":true,"href":"https:\/\/www.europesays.com\/pt\/wp-json\/wp\/v2\/users\/2"}],"replies":[{"embeddable":true,"href":"https:\/\/www.europesays.com\/pt\/wp-json\/wp\/v2\/comments?post=130849"}],"version-history":[{"count":0,"href":"https:\/\/www.europesays.com\/pt\/wp-json\/wp\/v2\/posts\/130849\/revisions"}],"wp:featuredmedia":[{"embeddable":true,"href":"https:\/\/www.europesays.com\/pt\/wp-json\/wp\/v2\/media\/130850"}],"wp:attachment":[{"href":"https:\/\/www.europesays.com\/pt\/wp-json\/wp\/v2\/media?parent=130849"}],"wp:term":[{"taxonomy":"category","embeddable":true,"href":"https:\/\/www.europesays.com\/pt\/wp-json\/wp\/v2\/categories?post=130849"},{"taxonomy":"post_tag","embeddable":true,"href":"https:\/\/www.europesays.com\/pt\/wp-json\/wp\/v2\/tags?post=130849"}],"curies":[{"name":"wp","href":"https:\/\/api.w.org\/{rel}","templated":true}]}}