{"id":130859,"date":"2025-10-29T07:38:11","date_gmt":"2025-10-29T07:38:11","guid":{"rendered":"https:\/\/www.europesays.com\/pt\/130859\/"},"modified":"2025-10-29T07:38:11","modified_gmt":"2025-10-29T07:38:11","slug":"kim-kardashian-fala-sobre-saude-apos-receber-diagnostico-de-aneurisma-cerebral-28-10-2025","status":"publish","type":"post","link":"https:\/\/www.europesays.com\/pt\/130859\/","title":{"rendered":"Kim Kardashian fala sobre sa\u00fade ap\u00f3s receber diagn\u00f3stico de aneurisma cerebral &#8211; 28\/10\/2025"},"content":{"rendered":"<p>Kim Kardashian revelou durante a estreia da s\u00e9tima temporada de The Kardashians, que foi diagnosticada com aneurisma cerebral, atribu\u00edda ao estresse. O epis\u00f3dio foi ao ar na \u00faltima quinta-feira, dia 23, no streaming Hulu.<\/p>\n<p>Durante sua participa\u00e7\u00e3o no Good Morning America, da ABC, a empres\u00e1ria falou um pouco sobre sua sa\u00fade ap\u00f3s o diagn\u00f3stico. <\/p>\n<p>&#8211; Tive que fazer v\u00e1rios outros exames cerebrais no Cedars-Sinai [Centro M\u00e9dico] com toda a equipe, disse ela, que passou por uma resson\u00e2ncia do corpo inteiro: <\/p>\n<p>&#8211; \u00c9 apenas uma boa medida para garantir que voc\u00ea sempre verifique tudo. Sa\u00fade \u00e9 riqueza, e voc\u00ea s\u00f3 precisa ter cuidado com tudo o que faz. <\/p>\n<p>Kim Kardashian teria culpado o div\u00f3rcio de Kanye West pela condi\u00e7\u00e3o. Al\u00e9m disso, conforme noticiado pela revista People, Kim menciona que a separa\u00e7\u00e3o fez com que ela voltasse a sofrer com a psor\u00edase, doen\u00e7a de pele que \u00e9 inflamat\u00f3ria, cr\u00f4nica e autoimune.<\/p>\n<p>&#8211; N\u00e3o tive psor\u00edase desde que me divorciei, e ela simplesmente come\u00e7ou a voltar. [&#8230;] Quer dizer, estou com psor\u00edase de novo. Me senti mais estressada, provavelmente s\u00f3 porque tive que proteger muito, muito mesmo, o que eu tinha que proteger.<\/p>\n","protected":false},"excerpt":{"rendered":"Kim Kardashian revelou durante a estreia da s\u00e9tima temporada de The Kardashians, que foi diagnosticada com aneurisma cerebral,&hellip;\n","protected":false},"author":2,"featured_media":130860,"comment_status":"","ping_status":"","sticky":false,"template":"","format":"standard","meta":{"footnotes":""},"categories":[142],"tags":[29724,2285,2298,2299,29725,2286,2293,2297,2287,476,114,115,1062,2284,82,2292,619,1133,13,2300,2288,52,987,32,33,2294,2295,2289,2290,2291,2296,1456,151],"class_list":{"0":"post-130859","1":"post","2":"type-post","3":"status-publish","4":"format-standard","5":"has-post-thumbnail","7":"category-tv","8":"tag-a-empresria-falou-sobre-o-assunto-durante-participao-no-good-morning-america","9":"tag-abc","10":"tag-automoveis","11":"tag-d","12":"tag-da-abc","13":"tag-dgabc","14":"tag-diadema","15":"tag-diarinho","16":"tag-diario","17":"tag-economia","18":"tag-entertainment","19":"tag-entretenimento","20":"tag-esportes","21":"tag-grande-abc","22":"tag-internacional","23":"tag-maua","24":"tag-nacional","25":"tag-noticia","26":"tag-noticias","27":"tag-noticias-on-line-abc","28":"tag-on-line","29":"tag-politica","30":"tag-portal","31":"tag-portugal","32":"tag-pt","33":"tag-ribeirao-pires","34":"tag-rio-grande-da-serra","35":"tag-santo-andre","36":"tag-sao-bernardo","37":"tag-sao-caetano","38":"tag-setecidades","39":"tag-turismo","40":"tag-tv"},"share_on_mastodon":{"url":"","error":"Validation failed: Text character limit of 500 exceeded"},"_links":{"self":[{"href":"https:\/\/www.europesays.com\/pt\/wp-json\/wp\/v2\/posts\/130859","targetHints":{"allow":["GET"]}}],"collection":[{"href":"https:\/\/www.europesays.com\/pt\/wp-json\/wp\/v2\/posts"}],"about":[{"href":"https:\/\/www.europesays.com\/pt\/wp-json\/wp\/v2\/types\/post"}],"author":[{"embeddable":true,"href":"https:\/\/www.europesays.com\/pt\/wp-json\/wp\/v2\/users\/2"}],"replies":[{"embeddable":true,"href":"https:\/\/www.europesays.com\/pt\/wp-json\/wp\/v2\/comments?post=130859"}],"version-history":[{"count":0,"href":"https:\/\/www.europesays.com\/pt\/wp-json\/wp\/v2\/posts\/130859\/revisions"}],"wp:featuredmedia":[{"embeddable":true,"href":"https:\/\/www.europesays.com\/pt\/wp-json\/wp\/v2\/media\/130860"}],"wp:attachment":[{"href":"https:\/\/www.europesays.com\/pt\/wp-json\/wp\/v2\/media?parent=130859"}],"wp:term":[{"taxonomy":"category","embeddable":true,"href":"https:\/\/www.europesays.com\/pt\/wp-json\/wp\/v2\/categories?post=130859"},{"taxonomy":"post_tag","embeddable":true,"href":"https:\/\/www.europesays.com\/pt\/wp-json\/wp\/v2\/tags?post=130859"}],"curies":[{"name":"wp","href":"https:\/\/api.w.org\/{rel}","templated":true}]}}