{"id":130874,"date":"2025-10-29T08:04:01","date_gmt":"2025-10-29T08:04:01","guid":{"rendered":"https:\/\/www.europesays.com\/pt\/130874\/"},"modified":"2025-10-29T08:04:01","modified_gmt":"2025-10-29T08:04:01","slug":"guarda-redes-do-inter-atropela-mortalmente-idoso-em-cadeira-de-rodas","status":"publish","type":"post","link":"https:\/\/www.europesays.com\/pt\/130874\/","title":{"rendered":"Guarda-redes do Inter atropela mortalmente idoso em cadeira de rodas"},"content":{"rendered":"<p data-remotead-prev-elm=\"true\" data-remotead-elm-id=\"inread\">O acidente ocorreu esta ter\u00e7a-feira, por volta das 9.30 horas (8.30 de Portugal), numa estrada da prov\u00edncia de Como, da regi\u00e3o de Lombardia, e o caso est\u00e1 a ser investigado, segundo a ag\u00eancia de comunica\u00e7\u00e3o ANSA.<\/p>\n<p>A v\u00edtima foi assistida, mas acabaria por n\u00e3o resistir. A mesma fonte revela que Josep Martinez, guarda-redes suplente do Inter de Mil\u00e3o, seguia ao volante quando o homem, a deslocar-se na cadeira de rodas, ter\u00e1 mudado repentinamente de dire\u00e7\u00e3o, acabando por ser abalroado.<\/p>\n<p>Depois do ocorrido, o Inter de Mil\u00e3o decidiu cancelar a confer\u00eancia de antevis\u00e3o de Chivu para o duelo frente \u00e0 Fiorentina, agendado para quarta-feira.<\/p>\n<p>O guarda-redes espanhol, de 27 anos, que escapou ileso, est\u00e1 em choque e a fazer exames.<\/p>\n","protected":false},"excerpt":{"rendered":"O acidente ocorreu esta ter\u00e7a-feira, por volta das 9.30 horas (8.30 de Portugal), numa estrada da prov\u00edncia de&hellip;\n","protected":false},"author":2,"featured_media":130875,"comment_status":"","ping_status":"","sticky":false,"template":"","format":"standard","meta":{"footnotes":""},"categories":[8],"tags":[59,2240,27,28,135,15,16,14,233,25,26,21,22,12,13,19,20,32,23,24,33,17,18,29,30,31],"class_list":{"0":"post-130874","1":"post","2":"type-post","3":"status-publish","4":"format-standard","5":"has-post-thumbnail","7":"category-principais-noticias","8":"tag-acidente","9":"tag-atropelamento","10":"tag-breaking-news","11":"tag-breakingnews","12":"tag-desporto","13":"tag-featured-news","14":"tag-featurednews","15":"tag-headlines","16":"tag-italia","17":"tag-latest-news","18":"tag-latestnews","19":"tag-main-news","20":"tag-mainnews","21":"tag-news","22":"tag-noticias","23":"tag-noticias-principais","24":"tag-noticiasprincipais","25":"tag-portugal","26":"tag-principais-noticias","27":"tag-principaisnoticias","28":"tag-pt","29":"tag-top-stories","30":"tag-topstories","31":"tag-ultimas","32":"tag-ultimas-noticias","33":"tag-ultimasnoticias"},"share_on_mastodon":{"url":"https:\/\/pubeurope.com\/@pt\/115456420416616719","error":""},"_links":{"self":[{"href":"https:\/\/www.europesays.com\/pt\/wp-json\/wp\/v2\/posts\/130874","targetHints":{"allow":["GET"]}}],"collection":[{"href":"https:\/\/www.europesays.com\/pt\/wp-json\/wp\/v2\/posts"}],"about":[{"href":"https:\/\/www.europesays.com\/pt\/wp-json\/wp\/v2\/types\/post"}],"author":[{"embeddable":true,"href":"https:\/\/www.europesays.com\/pt\/wp-json\/wp\/v2\/users\/2"}],"replies":[{"embeddable":true,"href":"https:\/\/www.europesays.com\/pt\/wp-json\/wp\/v2\/comments?post=130874"}],"version-history":[{"count":0,"href":"https:\/\/www.europesays.com\/pt\/wp-json\/wp\/v2\/posts\/130874\/revisions"}],"wp:featuredmedia":[{"embeddable":true,"href":"https:\/\/www.europesays.com\/pt\/wp-json\/wp\/v2\/media\/130875"}],"wp:attachment":[{"href":"https:\/\/www.europesays.com\/pt\/wp-json\/wp\/v2\/media?parent=130874"}],"wp:term":[{"taxonomy":"category","embeddable":true,"href":"https:\/\/www.europesays.com\/pt\/wp-json\/wp\/v2\/categories?post=130874"},{"taxonomy":"post_tag","embeddable":true,"href":"https:\/\/www.europesays.com\/pt\/wp-json\/wp\/v2\/tags?post=130874"}],"curies":[{"name":"wp","href":"https:\/\/api.w.org\/{rel}","templated":true}]}}