{"id":130898,"date":"2025-10-29T08:40:23","date_gmt":"2025-10-29T08:40:23","guid":{"rendered":"https:\/\/www.europesays.com\/pt\/130898\/"},"modified":"2025-10-29T08:40:23","modified_gmt":"2025-10-29T08:40:23","slug":"quando-o-presidente-entra-na-sala-sente-se-logo-a-sua-presenca","status":"publish","type":"post","link":"https:\/\/www.europesays.com\/pt\/130898\/","title":{"rendered":"\u00abQuando o presidente entra na sala, sente-se logo a sua presen\u00e7a\u00bb"},"content":{"rendered":"<p>&#8211; Advertisement &#8211;<\/p>\n<p><strong>Franjo Ivanovic fez um balan\u00e7o da sua experi\u00eancia no Benfica. O avan\u00e7ado internacional croata deixou elogios para Jos\u00e9 Mourinho e para Rui Costa.<\/strong><\/p>\n<p>Franjo Ivanovic fez um balan\u00e7o dos primeiros momentos ao servi\u00e7o do Benfica. O avan\u00e7ado de 22 anos falou da experi\u00eancia de poder treinar com Jos\u00e9 Mourinho numa entrevista ao Transfermarkt:<\/p>\n<p>\u00abO mister tem dois lados. Fora do campo \u00e9 super simp\u00e1tico e descontra\u00eddo; dentro dele \u00e9 exigente, meticuloso e muito s\u00e9rio. Sou-lhe muito grato por poder aprender com ele. Ou\u00e7o cada palavra com aten\u00e7\u00e3o \u2014 ele j\u00e1 conquistou tudo o que eu sonho atingir: a Liga dos Campe\u00f5es\u00bb, afirmou o avan\u00e7ado internacional croata.<\/p>\n<p>Franjo Ivanovic <a href=\"https:\/\/bolanarede.pt\/especial-bola-na-rede\/atualidade\/franjo-ivanovic-sublinha-grandeza-do-benfica-e-atira-queremos-ganhar-tudo-em-portugal\/\" target=\"_blank\" rel=\"noreferrer noopener nofollow\">falou dos primeiros tempos no Benfica <\/a>e deixou tamb\u00e9m elogios para Rui Costa:<\/p>\n<p>\u00abQuando cheguei a Lisboa, percebi logo a dimens\u00e3o do Benfica. No aeroporto, estavam 30 ou 40 jornalistas e equipas de televis\u00e3o. No Instagram, recebi milhares de mensagens. \u00c9 inacredit\u00e1vel o estatuto que o clube tem no pa\u00eds, toda a gente quer uma foto ou um aut\u00f3grafo. Quando entrei no centro de treinos, pensei que estava na Disneyland. \u00c9 tudo de outro n\u00edvel. Mas o que mais me impressionou foi o primeiro jogo no Est\u00e1dio da Luz. A atmosfera \u00e9 de arrepiar: corres mais, fazes um metro extra, s\u00f3 pela energia do est\u00e1dio. [Rui Costa?] Quando o presidente entra na sala, sente-se logo a sua presen\u00e7a. \u00c9 uma lenda do futebol e foi muito especial conversar com ele. Percebi o quanto vive o Benfica e como tenta transmitir essa paix\u00e3o\u00bb.<\/p>\n<p>O avan\u00e7ado croata de 22 anos abordou tamb\u00e9m a experi\u00eancia de jogar na Champions League:<\/p>\n<p>\u00abOuvir o hino da Champions \u00e9 algo especial. \u00c9 o auge do futebol de clubes. Ainda me lembro de visitar Stamford Bridge em crian\u00e7a e agora entrar l\u00e1 como jogador profissional foi surreal. Em mi\u00fado, nem me deixavam ver os jogos at\u00e9 ao fim, porque tinha escola no dia seguinte. Agora posso viv\u00ea-los em campo. \u00c9 incr\u00edvel\u00bb.<\/p>\n<p>Franjo Ivanovic falou ainda do facto de usar a camisola 9 do Benfica:<\/p>\n<p>\u00abA press\u00e3o existe sempre, independentemente do n\u00famero da camisola. O importante \u00e9 n\u00e3o pensar na transfer\u00eancia, sen\u00e3o bloqueias. Quando jogo, o que sinto \u00e9 pura felicidade. N\u00e3o h\u00e1 nada melhor do que poder ser futebolista profissional. N\u00e3o quero mudar s\u00f3 porque agora ganho mais dinheiro. H\u00e1 jogadores que gastam fortunas em f\u00e9rias ou carros. Eu prefiro passar tempo com a minha fam\u00edlia na Cro\u00e1cia. O meu lema \u00e9 simples: n\u00e3o tenho de fazer nada, exceto estar em paz comigo pr\u00f3prio\u00bb.<\/p>\n","protected":false},"excerpt":{"rendered":"&#8211; Advertisement &#8211; Franjo Ivanovic fez um balan\u00e7o da sua experi\u00eancia no Benfica. O avan\u00e7ado internacional croata deixou&hellip;\n","protected":false},"author":2,"featured_media":130899,"comment_status":"","ping_status":"","sticky":false,"template":"","format":"standard","meta":{"footnotes":""},"categories":[87],"tags":[260,51,135,478,261,1385,32,33,6058,134],"class_list":{"0":"post-130898","1":"post","2":"type-post","3":"status-publish","4":"format-standard","5":"has-post-thumbnail","7":"category-desporto","8":"tag-atualidade","9":"tag-benfica","10":"tag-desporto","11":"tag-destaques-bnr","12":"tag-franjo-ivanovic","13":"tag-jose-mourinho","14":"tag-portugal","15":"tag-pt","16":"tag-rui-costa","17":"tag-sports"},"share_on_mastodon":{"url":"https:\/\/pubeurope.com\/@pt\/115456561922220275","error":""},"_links":{"self":[{"href":"https:\/\/www.europesays.com\/pt\/wp-json\/wp\/v2\/posts\/130898","targetHints":{"allow":["GET"]}}],"collection":[{"href":"https:\/\/www.europesays.com\/pt\/wp-json\/wp\/v2\/posts"}],"about":[{"href":"https:\/\/www.europesays.com\/pt\/wp-json\/wp\/v2\/types\/post"}],"author":[{"embeddable":true,"href":"https:\/\/www.europesays.com\/pt\/wp-json\/wp\/v2\/users\/2"}],"replies":[{"embeddable":true,"href":"https:\/\/www.europesays.com\/pt\/wp-json\/wp\/v2\/comments?post=130898"}],"version-history":[{"count":0,"href":"https:\/\/www.europesays.com\/pt\/wp-json\/wp\/v2\/posts\/130898\/revisions"}],"wp:featuredmedia":[{"embeddable":true,"href":"https:\/\/www.europesays.com\/pt\/wp-json\/wp\/v2\/media\/130899"}],"wp:attachment":[{"href":"https:\/\/www.europesays.com\/pt\/wp-json\/wp\/v2\/media?parent=130898"}],"wp:term":[{"taxonomy":"category","embeddable":true,"href":"https:\/\/www.europesays.com\/pt\/wp-json\/wp\/v2\/categories?post=130898"},{"taxonomy":"post_tag","embeddable":true,"href":"https:\/\/www.europesays.com\/pt\/wp-json\/wp\/v2\/tags?post=130898"}],"curies":[{"name":"wp","href":"https:\/\/api.w.org\/{rel}","templated":true}]}}