{"id":130906,"date":"2025-10-29T08:49:04","date_gmt":"2025-10-29T08:49:04","guid":{"rendered":"https:\/\/www.europesays.com\/pt\/130906\/"},"modified":"2025-10-29T08:49:04","modified_gmt":"2025-10-29T08:49:04","slug":"tiago-rufino-revela-o-seu-palpite-para-a-expulsao-do-secret-story-desta-semana-e-deixa-apelo-pelos-seus-favoritos","status":"publish","type":"post","link":"https:\/\/www.europesays.com\/pt\/130906\/","title":{"rendered":"Tiago Rufino revela o seu palpite para a expuls\u00e3o do Secret Story desta semana e deixa apelo pelos seus favoritos"},"content":{"rendered":"<p>\t\t\t\t\t\t\t\t\t\t\t\t<a href=\"#\" onclick=\"window.open('http:\/\/www.facebook.com\/sharer.php?u=https:\/\/cusquices.com\/tiago-rufino-revela-o-seu-palpite-para-a-expulsao-do-secret-story-desta-semana-e-deixa-apelo-pelos-seus-favoritos\/&amp;t=Tiago Rufino revela o seu palpite para a expuls\u00e3o do Secret Story desta semana e deixa apelo pelos seus favoritos', 'facebookShare', 'width=626,height=436'); return false;\" title=\"Share on Facebook\"><\/p>\n<p>Share<\/p>\n<p><\/a><br \/>\n\t\t\t\t\t\t\t\t\t\t\t\t<a href=\"#\" onclick=\"window.open('http:\/\/twitter.com\/share?text=Tiago Rufino revela o seu palpite para a expuls\u00e3o do Secret Story desta semana e deixa apelo pelos seus favoritos -&amp;url=https:\/\/cusquices.com\/tiago-rufino-revela-o-seu-palpite-para-a-expulsao-do-secret-story-desta-semana-e-deixa-apelo-pelos-seus-favoritos\/', 'twitterShare', 'width=626,height=436'); return false;\" title=\"Tweet This Post\"><\/p>\n<p>Tweet<\/p>\n<p><\/a><br \/>\n\t\t\t\t\t\t\t\t\t\t\t\t<a href=\"whatsapp:\/\/send?text=Tiago Rufino revela o seu palpite para a expuls\u00e3o do Secret Story desta semana e deixa apelo pelos seus favoritos https:\/\/cusquices.com\/tiago-rufino-revela-o-seu-palpite-para-a-expulsao-do-secret-story-desta-semana-e-deixa-apelo-pelos-seus-favoritos\/\" rel=\"nofollow\"><\/p>\n<p>Share<\/p>\n<p><\/a><br \/>\n\t\t\t\t\t\t\t\t\t\t\t\t<a href=\"#\" onclick=\"window.open('http:\/\/pinterest.com\/pin\/create\/button\/?url=https:\/\/cusquices.com\/tiago-rufino-revela-o-seu-palpite-para-a-expulsao-do-secret-story-desta-semana-e-deixa-apelo-pelos-seus-favoritos\/&amp;media=https:\/\/cusquices.com\/wp-content\/uploads\/2025\/10\/tiago-nomeadoss7-1000x600.jpg&amp;description=Tiago Rufino revela o seu palpite para a expuls\u00e3o do Secret Story desta semana e deixa apelo pelos seus favoritos', 'pinterestShare', 'width=750,height=350'); return false;\" title=\"Pin This Post\"><\/p>\n<p>Share<\/p>\n<p><\/a><br \/>\n\t\t\t\t\t\t\t\t\t\t\t\t<a href=\"mailto:?subject=Tiago Rufino revela o seu palpite para a expuls\u00e3o do Secret Story desta semana e deixa apelo pelos seus favoritos&amp;BODY=I found this article interesting and thought of sharing it with you. Check it out: https:\/\/cusquices.com\/tiago-rufino-revela-o-seu-palpite-para-a-expulsao-do-secret-story-desta-semana-e-deixa-apelo-pelos-seus-favoritos\/\"><\/p>\n<p>Email<\/p>\n<p><\/a><br \/>\n\t\t\t\t\t\t\t\t\t\t\t\t\t\t\t\t\t\t\t\t\t\t\t\t\t\t\t\t\t\t\t\t\t\t\t\t\t\t\t\t\t\t\t\t\t\t\t\t\t\t\t\t\t<a href=\"https:\/\/cusquices.com\/tiago-rufino-revela-o-seu-palpite-para-a-expulsao-do-secret-story-desta-semana-e-deixa-apelo-pelos-seus-favoritos\/#respond\" rel=\"nofollow noopener\" target=\"_blank\"><\/p>\n<p>Tiago Rufino tem 3 dos seus concorrentes favoritos em risco esta semana.<\/p>\n<p>Esta segunda-feira, 27 de outubro, ficamos a conhecer o leque de nomeados desta semana durante o especial conduzido por <strong>Cristina Ferreira.<\/strong> <strong>Ana, Bruno, Mariana, Marisa, Marisa Susana e Pedro<\/strong> s\u00e3o os concorrentes em risco esta semana.<\/p>\n<p><strong>Tiago Rufino,<\/strong> vencedor do <strong>Secret Story 7,<\/strong> reagiu ao leque de nomeados desta semana e j\u00e1 revelou o seu palpite. O ex-concorrente do Secret Story refor\u00e7ou ainda o seu apoio aos seus 3 favoritos, que tamb\u00e9m est\u00e3o em risco esta semana.<\/p>\n<p><strong>\u201cOs meus favoritos est\u00e3o na linha de cima. [Pedro Jorge] pedrojorge07, [Marisa] @marisapires04, [Marisa Susana] @marisa.susana.sstv9. Por mim e nada mudou desde a semana passada, sairia o Bruno. Mas penso que possa ser a Mariana esta semana a sair.\u201d,<\/strong> come\u00e7ou por dizer Tiago Rufino, que acrescentou de seguida: <strong>\u201cSe o teu favorito for o Bruno ou a Mariana, comenta. N\u00e3o d\u00e1 para colocar todos na sondagem\u201d.<\/strong><\/p>\n<p><img loading=\"lazy\" decoding=\"async\" width=\"579\" height=\"1024\" src=\"https:\/\/www.europesays.com\/pt\/wp-content\/uploads\/2025\/10\/tigor-palpite-579x1024.png\" alt=\"\" class=\"wp-image-99705 webpexpress-processed\"  \/><\/p>\n<p><strong>Leia tamb\u00e9m:<\/strong><\/p>\n<p>\t\t\t\t\t\t\t\t\t\t\t\t\t\t\t\t\t\t\t\t\t\t\t\t\t<img decoding=\"async\" src=\"https:\/\/www.europesays.com\/pt\/wp-content\/uploads\/2025\/10\/cusquices-logo-52x.png\" class=\"webpexpress-processed\"\/><\/p>\n<p>\t\t\t\t\t\t\t\t\t\t\t\t\t\t\t\t\t\t\t\t\t            \t\t\t\t\t\t\t\t\t\t\t\t\t\t\t\t\t\t\t\t\t\t\t\t\t\t\t\t\t\t\t\t\t\t\t\t\t\t\t<script async src=\"https:\/\/platform.twitter.com\/widgets.js\" charset=\"utf-8\"><\/script><\/p>\n","protected":false},"excerpt":{"rendered":"Share Tweet Share Share Email Tiago Rufino tem 3 dos seus concorrentes favoritos em risco esta semana. Esta&hellip;\n","protected":false},"author":2,"featured_media":130907,"comment_status":"","ping_status":"","sticky":false,"template":"","format":"standard","meta":{"footnotes":""},"categories":[8],"tags":[27,28,2632,49,15,16,14,25,26,21,22,12,13,19,20,32,23,24,33,2162,17,18,29,30,31],"class_list":{"0":"post-130906","1":"post","2":"type-post","3":"status-publish","4":"format-standard","5":"has-post-thumbnail","7":"category-principais-noticias","8":"tag-breaking-news","9":"tag-breakingnews","10":"tag-casa-dos-segredos","11":"tag-destaques","12":"tag-featured-news","13":"tag-featurednews","14":"tag-headlines","15":"tag-latest-news","16":"tag-latestnews","17":"tag-main-news","18":"tag-mainnews","19":"tag-news","20":"tag-noticias","21":"tag-noticias-principais","22":"tag-noticiasprincipais","23":"tag-portugal","24":"tag-principais-noticias","25":"tag-principaisnoticias","26":"tag-pt","27":"tag-tiago-rufino","28":"tag-top-stories","29":"tag-topstories","30":"tag-ultimas","31":"tag-ultimas-noticias","32":"tag-ultimasnoticias"},"share_on_mastodon":{"url":"https:\/\/pubeurope.com\/@pt\/115456597686944943","error":""},"_links":{"self":[{"href":"https:\/\/www.europesays.com\/pt\/wp-json\/wp\/v2\/posts\/130906","targetHints":{"allow":["GET"]}}],"collection":[{"href":"https:\/\/www.europesays.com\/pt\/wp-json\/wp\/v2\/posts"}],"about":[{"href":"https:\/\/www.europesays.com\/pt\/wp-json\/wp\/v2\/types\/post"}],"author":[{"embeddable":true,"href":"https:\/\/www.europesays.com\/pt\/wp-json\/wp\/v2\/users\/2"}],"replies":[{"embeddable":true,"href":"https:\/\/www.europesays.com\/pt\/wp-json\/wp\/v2\/comments?post=130906"}],"version-history":[{"count":0,"href":"https:\/\/www.europesays.com\/pt\/wp-json\/wp\/v2\/posts\/130906\/revisions"}],"wp:featuredmedia":[{"embeddable":true,"href":"https:\/\/www.europesays.com\/pt\/wp-json\/wp\/v2\/media\/130907"}],"wp:attachment":[{"href":"https:\/\/www.europesays.com\/pt\/wp-json\/wp\/v2\/media?parent=130906"}],"wp:term":[{"taxonomy":"category","embeddable":true,"href":"https:\/\/www.europesays.com\/pt\/wp-json\/wp\/v2\/categories?post=130906"},{"taxonomy":"post_tag","embeddable":true,"href":"https:\/\/www.europesays.com\/pt\/wp-json\/wp\/v2\/tags?post=130906"}],"curies":[{"name":"wp","href":"https:\/\/api.w.org\/{rel}","templated":true}]}}