{"id":130908,"date":"2025-10-29T08:50:14","date_gmt":"2025-10-29T08:50:14","guid":{"rendered":"https:\/\/www.europesays.com\/pt\/130908\/"},"modified":"2025-10-29T08:50:14","modified_gmt":"2025-10-29T08:50:14","slug":"cristina-ferreira-anuncia-surpresa-um-casamento-para-a-vida","status":"publish","type":"post","link":"https:\/\/www.europesays.com\/pt\/130908\/","title":{"rendered":"Cristina Ferreira anuncia surpresa: &#8220;Um casamento para a vida&#8221;"},"content":{"rendered":"<p><a href=\"https:\/\/selfie.iol.pt\/famosos\/casa-dos-segredos\/cristina-ferreira-para-sandro-fernandes-olha-que-nunca-pareceu-que-estivesses-metido-nesse-enredo\/20251026\/68fe990dd34e58bc6797553e\" target=\"_blank\" rel=\"nofollow noopener\">Cristina Ferreira<\/a> j\u00e1 tinha revelado que se preparava para fazer um an\u00fancio. &#8220;Daqui a pouco, partilho convosco o convite do pr\u00f3ximo evento GIRA. Vai ser lindo&#8221;, escreveu a apresentadora, numa mensagem divulgada, durante a tarde desta ter\u00e7a-feira, dia 28, no Instagram.<\/p>\n<p>Ao in\u00edcio da noite, a tamb\u00e9m Diretora de Entretenimento e Fic\u00e7\u00e3o da <a href=\"https:\/\/tvi.iol.pt\/\" target=\"_blank\" rel=\"nofollow noopener\">TVI<\/a> cumpriu o prometido e dividiu, na mesma rede social, uma fotografia que agu\u00e7ou ainda mais a curiosidade dos f\u00e3s. &#8220;We [&#8216;n\u00f3s&#8217;, em portugu\u00eas]. Um casamento para a vida&#8221;, pode ler-se.<\/p>\n<p>Na legenda que acompanha a imagem, Cristina Ferreira apontou a data em que o mist\u00e9rio ser\u00e1 desvendado. &#8220;Dia 14 de novembro&#8221;, indicou a anfitri\u00e3 do matutino &#8220;<a href=\"https:\/\/tvi.iol.pt\/doisas10\/\" target=\"_blank\" rel=\"nofollow noopener\">Dois \u00e0s 10<\/a>&#8221; e da nona edi\u00e7\u00e3o do reality show &#8220;<a href=\"https:\/\/tvi.iol.pt\/secretstory\/\" target=\"_blank\" rel=\"nofollow noopener\">Secret Story<\/a> &#8211; Casa dos Segredos&#8221;, rematando com um emoji em forma de cora\u00e7\u00e3o roxo, que come\u00e7ou a usar como simbolismo da uni\u00e3o com o treinador de padel Jo\u00e3o Monteiro.<\/p>\n<p>Veja, agora, nas galerias que prepar\u00e1mos para si, as melhores imagens de <a href=\"https:\/\/selfie.iol.pt\/famosos\/cristina-ferreira\/cristina-ferreira-faz-confidencia-nao-gosto-nada\/20251027\/68ffc980d34ee0c2fed1bc8e\" target=\"_blank\" rel=\"nofollow noopener\">Cristina Ferreira<\/a>.<\/p>\n<blockquote class=\"instagram-media\" data-instgrm-captioned=\"\" data-instgrm-permalink=\"https:\/\/www.instagram.com\/p\/DQXbXaJDDSk\/?utm_source=ig_embed&amp;utm_campaign=loading\" data-instgrm-version=\"14\" style=\" background:#FFF; border:0; border-radius:3px; box-shadow:0 0 1px 0 rgba(0,0,0,0.5),0 1px 10px 0 rgba(0,0,0,0.15); margin: 1px; max-width:540px; min-width:326px; padding:0; width:99.375%; width:-webkit-calc(100% - 2px); width:calc(100% - 2px);\">\n<\/blockquote>\n<p style=\"text-align:center\"><img loading=\"lazy\" decoding=\"async\" alt=\"\" height=\"889\" src=\"https:\/\/www.europesays.com\/pt\/wp-content\/uploads\/2025\/10\/6901304cd34e58bc67976aed.webp\" width=\"500\"\/><\/p>\n<p>\u00a0<\/p>\n<p>                        <script async src=\"\/\/www.instagram.com\/embed.js\"><\/script><\/p>\n","protected":false},"excerpt":{"rendered":"Cristina Ferreira j\u00e1 tinha revelado que se preparava para fazer um an\u00fancio. &#8220;Daqui a pouco, partilho convosco o&hellip;\n","protected":false},"author":2,"featured_media":130909,"comment_status":"","ping_status":"","sticky":false,"template":"","format":"standard","meta":{"footnotes":""},"categories":[145],"tags":[3539,2632,13471,211,210,166,11829,801,114,115,980,1015,6470,619,32,33,1014,1315,6985,16687,16686,1012,6986,16688,162],"class_list":{"0":"post-130908","1":"post","2":"type-post","3":"status-publish","4":"format-standard","5":"has-post-thumbnail","7":"category-celebridades","8":"tag-apresentadora","9":"tag-casa-dos-segredos","10":"tag-casa-dos-segredos-9","11":"tag-celebridades","12":"tag-celebrities","13":"tag-cristina-ferreira","14":"tag-diretora-de-entretenimento-e-ficcao-da-tvi","15":"tag-dois-as-10","16":"tag-entertainment","17":"tag-entretenimento","18":"tag-famosos","19":"tag-instagram","20":"tag-joao-monteiro","21":"tag-nacional","22":"tag-portugal","23":"tag-pt","24":"tag-reality-show","25":"tag-secret-story","26":"tag-secret-story-casa-dos-segredos","27":"tag-secret-story-casa-dos-segredos-9","28":"tag-secret-story-9","29":"tag-selfie","30":"tag-ss","31":"tag-ss9","32":"tag-tvi"},"share_on_mastodon":{"url":"https:\/\/pubeurope.com\/@pt\/115456601205945371","error":""},"_links":{"self":[{"href":"https:\/\/www.europesays.com\/pt\/wp-json\/wp\/v2\/posts\/130908","targetHints":{"allow":["GET"]}}],"collection":[{"href":"https:\/\/www.europesays.com\/pt\/wp-json\/wp\/v2\/posts"}],"about":[{"href":"https:\/\/www.europesays.com\/pt\/wp-json\/wp\/v2\/types\/post"}],"author":[{"embeddable":true,"href":"https:\/\/www.europesays.com\/pt\/wp-json\/wp\/v2\/users\/2"}],"replies":[{"embeddable":true,"href":"https:\/\/www.europesays.com\/pt\/wp-json\/wp\/v2\/comments?post=130908"}],"version-history":[{"count":0,"href":"https:\/\/www.europesays.com\/pt\/wp-json\/wp\/v2\/posts\/130908\/revisions"}],"wp:featuredmedia":[{"embeddable":true,"href":"https:\/\/www.europesays.com\/pt\/wp-json\/wp\/v2\/media\/130909"}],"wp:attachment":[{"href":"https:\/\/www.europesays.com\/pt\/wp-json\/wp\/v2\/media?parent=130908"}],"wp:term":[{"taxonomy":"category","embeddable":true,"href":"https:\/\/www.europesays.com\/pt\/wp-json\/wp\/v2\/categories?post=130908"},{"taxonomy":"post_tag","embeddable":true,"href":"https:\/\/www.europesays.com\/pt\/wp-json\/wp\/v2\/tags?post=130908"}],"curies":[{"name":"wp","href":"https:\/\/api.w.org\/{rel}","templated":true}]}}