{"id":130918,"date":"2025-10-29T09:01:22","date_gmt":"2025-10-29T09:01:22","guid":{"rendered":"https:\/\/www.europesays.com\/pt\/130918\/"},"modified":"2025-10-29T09:01:22","modified_gmt":"2025-10-29T09:01:22","slug":"belgica-e-estonia-avisam-russia","status":"publish","type":"post","link":"https:\/\/www.europesays.com\/pt\/130918\/","title":{"rendered":"B\u00e9lgica e Est\u00f3nia avisam R\u00fassia"},"content":{"rendered":"<p class=\"wp-caption-text top\">Alexander Kazakov \/ Kremlin \/ EPA<\/p>\n<p><img decoding=\"async\" loading=\"lazy\" class=\"size-kopa-image-size-3 wp-image-708341\" src=\"https:\/\/www.europesays.com\/pt\/wp-content\/uploads\/2025\/10\/7c917271be10c0e2f2f1c2c2333be1aa-783x450.jpg\" alt=\"\" width=\"700\" height=\"402\"  \/><\/p>\n<p class=\"wp-caption-text bot\">Vladimir Putin, presidente da R\u00fassia<\/p>\n<p><strong>No mesmo dia, ministros dos dois pa\u00edses deixaram avisos s\u00e9rios. Por causa de aeronaves e de um eventual ataque a Bruxelas.<\/strong><\/p>\n<p>A R\u00fassia que n\u00e3o se atreva a passar pelo espa\u00e7o a\u00e9reo da Est\u00f3nia ou a atacar a capital da B\u00e9lgica. No mesmo dia, ministros dos dois pa\u00edses deixaram avisos s\u00e9rios ao Kremlin. Por causa de aeronaves e de um eventual ataque a Bruxelas.<\/p>\n<p>As autoridades <strong>est\u00f3nias<\/strong> avisaram nesta segunda-feira que v\u00e3o abater qualquer <strong>drone russo<\/strong> que atravesse o espa\u00e7o a\u00e9reo do pa\u00eds, situa\u00e7\u00e3o ocorrida h\u00e1 algumas semanas e que coincidiu com v\u00e1rias queixas de aliados da NATO.<\/p>\n<p>\u201c<strong>Vamos intercetar e abater<\/strong>\u201d, afirmou o ministro dos Neg\u00f3cios Estrangeiros da Est\u00f3nia, Margus Tsahkna, numa confer\u00eancia de imprensa.<\/p>\n<p>Tsahkna real\u00e7ou que a NATO tem, h\u00e1 duas d\u00e9cadas, um protocolo para responder a este tipo de situa\u00e7\u00f5es e \u201cdefender o seu territ\u00f3rio desde o primeiro segundo, desde o primeiro ataque\u201d.<\/p>\n<p>Referindo-se ao <a href=\"https:\/\/zap.aeiou.pt\/cacas-russos-invadem-estonia-violacao-sem-precedentes-701668\" data-wpel-link=\"internal\" rel=\"nofollow noopener\" target=\"_blank\">ataque a\u00e9reo<\/a> de 12 minutos registado h\u00e1 um m\u00eas e que Moscovo negou, o ministro dos Neg\u00f3cios Estrangeiros da Est\u00f3nia afirmou que os avi\u00f5es da NATO estavam <strong>\u201cprontos a agir\u201d<\/strong> caso se notasse uma \u201camea\u00e7a imediata\u201d \u00e0 soberania do pa\u00eds b\u00e1ltico.<\/p>\n<p>\u201cEsta n\u00e3o foi a primeira vez que a R\u00fassia testou as nossas capacidades\u201d, observou Tsahkna, lembrando incidentes semelhantes nos vizinhos b\u00e1lticos, bem como na Rom\u00e9nia e na Pol\u00f3nia, onde aproximadamente 10 drones russos sobrevoaram os espa\u00e7os a\u00e9reos. Tsahkna sublinhou que, gra\u00e7as a este tipo de incidentes, os parceiros da NATO est\u00e3o a aumentar a coordena\u00e7\u00e3o e a refor\u00e7ar as capacidades.<\/p>\n<p>\u201cEliminar Moscovo do mapa\u201d<\/p>\n<p>O ministro da Defesa da <strong>B\u00e9lgica<\/strong> deixou um aviso ainda mais s\u00e9rio \u00e0 R\u00fassia: \u201cPutin sabe: se usarem armas nucleares, vamos eliminar Moscovo do mapa\u201d.<\/p>\n<p>Theo Francken refor\u00e7ou: \u201c<strong>Se Vladimir Putin lan\u00e7ar um m\u00edssil contra Bruxelas, eliminaremos Moscovo do mapa<\/strong>\u201c, disse Francken ao jornal <a href=\"https:\/\/www.demorgen.be\/nieuws\/legerminister-theo-francken-n-va-poetin-weet-als-ik-nucleaire-wapens-inzet-vegen-ze-moskou-van-de-kaart~b6f7568f\/\" data-wpel-link=\"external\" target=\"_blank\" rel=\"nofollow external noopener noreferrer\" class=\"ext-link\">De Morgen<\/a>, igualmente nesta segunda-feira.<\/p>\n<p>O ministro belga alertou para n\u00e3o se subestimar as capacidades militares da R\u00fassia: \u201cOs russos aumentaram as suas capacidades militares.<strong> A sua economia de guerra produz quatro vezes mais muni\u00e7\u00f5es do que toda a NATO. A Europa nem sequer tem um comando central\u201d.<\/strong><\/p>\n<p>A R\u00fassia tem sido acusada por v\u00e1rios pa\u00edses da NATO de repetidas viola\u00e7\u00f5es dos respetivos espa\u00e7os a\u00e9reos desde o in\u00edcio da invas\u00e3o da Ucr\u00e2nia pelas for\u00e7as de Moscovo, em fevereiro de 2022, mas no m\u00eas passado v\u00e1rias incurs\u00f5es levaram a NATO a preparar-se para uma eventual escalada do conflito.<\/p>\n<p>    <a href=\"https:\/\/zap.aeiou.pt\/subscrever-newsletter\" data-wpel-link=\"internal\" rel=\"nofollow noopener\" target=\"_blank\">&#13;<br \/>\n        <img loading=\"lazy\" decoding=\"async\" class=\"aligncenter size-full wp-image-575475\" src=\"https:\/\/www.europesays.com\/pt\/wp-content\/uploads\/2025\/10\/1759862234_971_2d51fe4a0ba54894421ead1809309ed9-1-450x140.jpg\" alt=\"Subscreva a Newsletter ZAP\" width=\"450\" height=\"140\"\/>&#13;<br \/>\n    <\/a><\/p>\n<p>                <a href=\"https:\/\/whatsapp.com\/channel\/0029VaIC4EE2f3EJZPPSbR34\" data-wpel-link=\"external\" target=\"_blank\" rel=\"nofollow external noopener noreferrer\" class=\"ext-link\">&#13;<br \/>\n                    <img loading=\"lazy\" decoding=\"async\" class=\"aligncenter size-full wp-image-575475\" src=\"https:\/\/www.europesays.com\/pt\/wp-content\/uploads\/2025\/10\/1759862234_512_c68c559d956d4ca20f435ed74a6e71e6.png\" alt=\"Siga-nos no WhatsApp\" width=\"175\" height=\"64\"\/>&#13;<br \/>\n                <\/a><\/p>\n<p>                <a href=\"https:\/\/news.google.com\/publications\/CAAiEHRwZondIV71PDjWNoqMduEqFAgKIhB0cGaJ3SFe9Tw41jaKjHbh?hl=en-US&amp;gl=US&amp;ceid=US%3Aen\" data-wpel-link=\"external\" target=\"_blank\" rel=\"nofollow external noopener noreferrer\" class=\"ext-link\">&#13;<br \/>\n                    <img loading=\"lazy\" decoding=\"async\" class=\"aligncenter size-full wp-image-575475\" src=\"https:\/\/www.europesays.com\/pt\/wp-content\/uploads\/2025\/10\/1759862235_242_5123dd8b087b644fdb8f8603acd1bad4.png\" alt=\"Siga-nos no Google News\" width=\"176\" height=\"64\"\/>&#13;<br \/>\n                <\/a><\/p>\n","protected":false},"excerpt":{"rendered":"Alexander Kazakov \/ Kremlin \/ EPA Vladimir Putin, presidente da R\u00fassia No mesmo dia, ministros dos dois pa\u00edses&hellip;\n","protected":false},"author":2,"featured_media":130919,"comment_status":"","ping_status":"","sticky":false,"template":"","format":"standard","meta":{"footnotes":""},"categories":[50],"tags":[3917,27,28,269,2537,15624,15,16,14,25,26,21,22,62,3400,12,13,19,20,4007,23,24,839,17,18,29,30,31,2415,63,64,65],"class_list":{"0":"post-130918","1":"post","2":"type-post","3":"status-publish","4":"format-standard","5":"has-post-thumbnail","7":"category-mundo","8":"tag-belgica","9":"tag-breaking-news","10":"tag-breakingnews","11":"tag-capa","12":"tag-defesa","13":"tag-estonia","14":"tag-featured-news","15":"tag-featurednews","16":"tag-headlines","17":"tag-latest-news","18":"tag-latestnews","19":"tag-main-news","20":"tag-mainnews","21":"tag-mundo","22":"tag-nato","23":"tag-news","24":"tag-noticias","25":"tag-noticias-principais","26":"tag-noticiasprincipais","27":"tag-politica-internacional","28":"tag-principais-noticias","29":"tag-principaisnoticias","30":"tag-russia","31":"tag-top-stories","32":"tag-topstories","33":"tag-ultimas","34":"tag-ultimas-noticias","35":"tag-ultimasnoticias","36":"tag-vladimir-putin","37":"tag-world","38":"tag-world-news","39":"tag-worldnews"},"share_on_mastodon":{"url":"https:\/\/pubeurope.com\/@pt\/115456644515990633","error":""},"_links":{"self":[{"href":"https:\/\/www.europesays.com\/pt\/wp-json\/wp\/v2\/posts\/130918","targetHints":{"allow":["GET"]}}],"collection":[{"href":"https:\/\/www.europesays.com\/pt\/wp-json\/wp\/v2\/posts"}],"about":[{"href":"https:\/\/www.europesays.com\/pt\/wp-json\/wp\/v2\/types\/post"}],"author":[{"embeddable":true,"href":"https:\/\/www.europesays.com\/pt\/wp-json\/wp\/v2\/users\/2"}],"replies":[{"embeddable":true,"href":"https:\/\/www.europesays.com\/pt\/wp-json\/wp\/v2\/comments?post=130918"}],"version-history":[{"count":0,"href":"https:\/\/www.europesays.com\/pt\/wp-json\/wp\/v2\/posts\/130918\/revisions"}],"wp:featuredmedia":[{"embeddable":true,"href":"https:\/\/www.europesays.com\/pt\/wp-json\/wp\/v2\/media\/130919"}],"wp:attachment":[{"href":"https:\/\/www.europesays.com\/pt\/wp-json\/wp\/v2\/media?parent=130918"}],"wp:term":[{"taxonomy":"category","embeddable":true,"href":"https:\/\/www.europesays.com\/pt\/wp-json\/wp\/v2\/categories?post=130918"},{"taxonomy":"post_tag","embeddable":true,"href":"https:\/\/www.europesays.com\/pt\/wp-json\/wp\/v2\/tags?post=130918"}],"curies":[{"name":"wp","href":"https:\/\/api.w.org\/{rel}","templated":true}]}}