{"id":130920,"date":"2025-10-29T09:03:08","date_gmt":"2025-10-29T09:03:08","guid":{"rendered":"https:\/\/www.europesays.com\/pt\/130920\/"},"modified":"2025-10-29T09:03:08","modified_gmt":"2025-10-29T09:03:08","slug":"aviso-de-chuva-intensa-para-setubal-evora-beja-e-faro","status":"publish","type":"post","link":"https:\/\/www.europesays.com\/pt\/130920\/","title":{"rendered":"Aviso de chuva intensa para Set\u00fabal, \u00c9vora, Beja e Faro"},"content":{"rendered":"<p>                <b>A chuva intensa vai manter-se at\u00e9 ao fim do dia<\/b>.A Prote\u00e7\u00e3o Civil alerta tamb\u00e9m para a agita\u00e7\u00e3o mar\u00edtima e recomenda cuidado na circula\u00e7\u00e3o junto da costa. <\/p>\n<p>Em Lisboa, a tarde e noite de ter\u00e7a-feira  j\u00e1 foram dif\u00edceis. <b>Duas pessoas feridas &#8211; uma delas foi arrastada pela for\u00e7a da \u00e1gua, em Oeiras<\/b>. Ficou em estado grave e foi transportada para o Hospital de S\u00e3o Francisco Xavier. <b>No mesmo local, um motociclista tamb\u00e9m ficou ferido<\/b>.<\/p>\n<p>          <img decoding=\"async\" itemprop=\"image\" class=\"img-fluid\"   src=\"https:\/\/www.europesays.com\/pt\/wp-content\/uploads\/2025\/10\/1761728588_475_f29680724ba77846c09f43fa1bce0073_N.jpg\"\/><\/p>\n<p>O mau tempo provocou mais de 750 ocorr\u00eancias, at\u00e9 fim da tarde, em todo o pa\u00eds. A maioria por inunda\u00e7\u00f5es nas estradas e queda de \u00e1rvores.<\/p>\n","protected":false},"excerpt":{"rendered":"A chuva intensa vai manter-se at\u00e9 ao fim do dia.A Prote\u00e7\u00e3o Civil alerta tamb\u00e9m para a agita\u00e7\u00e3o mar\u00edtima&hellip;\n","protected":false},"author":2,"featured_media":130293,"comment_status":"","ping_status":"","sticky":false,"template":"","format":"standard","meta":{"footnotes":""},"categories":[8],"tags":[23580,27,28,2139,24640,15,16,14,22200,25,26,21,22,8532,12,13,19,20,32,23,24,33,17,18,29,30,31],"class_list":{"0":"post-130920","1":"post","2":"type-post","3":"status-publish","4":"format-standard","5":"has-post-thumbnail","7":"category-principais-noticias","8":"tag-aviso","9":"tag-breaking-news","10":"tag-breakingnews","11":"tag-chuva","12":"tag-continental","13":"tag-featured-news","14":"tag-featurednews","15":"tag-headlines","16":"tag-laranja","17":"tag-latest-news","18":"tag-latestnews","19":"tag-main-news","20":"tag-mainnews","21":"tag-mau-tempo","22":"tag-news","23":"tag-noticias","24":"tag-noticias-principais","25":"tag-noticiasprincipais","26":"tag-portugal","27":"tag-principais-noticias","28":"tag-principaisnoticias","29":"tag-pt","30":"tag-top-stories","31":"tag-topstories","32":"tag-ultimas","33":"tag-ultimas-noticias","34":"tag-ultimasnoticias"},"share_on_mastodon":{"url":"https:\/\/pubeurope.com\/@pt\/115456652589930388","error":""},"_links":{"self":[{"href":"https:\/\/www.europesays.com\/pt\/wp-json\/wp\/v2\/posts\/130920","targetHints":{"allow":["GET"]}}],"collection":[{"href":"https:\/\/www.europesays.com\/pt\/wp-json\/wp\/v2\/posts"}],"about":[{"href":"https:\/\/www.europesays.com\/pt\/wp-json\/wp\/v2\/types\/post"}],"author":[{"embeddable":true,"href":"https:\/\/www.europesays.com\/pt\/wp-json\/wp\/v2\/users\/2"}],"replies":[{"embeddable":true,"href":"https:\/\/www.europesays.com\/pt\/wp-json\/wp\/v2\/comments?post=130920"}],"version-history":[{"count":0,"href":"https:\/\/www.europesays.com\/pt\/wp-json\/wp\/v2\/posts\/130920\/revisions"}],"wp:featuredmedia":[{"embeddable":true,"href":"https:\/\/www.europesays.com\/pt\/wp-json\/wp\/v2\/media\/130293"}],"wp:attachment":[{"href":"https:\/\/www.europesays.com\/pt\/wp-json\/wp\/v2\/media?parent=130920"}],"wp:term":[{"taxonomy":"category","embeddable":true,"href":"https:\/\/www.europesays.com\/pt\/wp-json\/wp\/v2\/categories?post=130920"},{"taxonomy":"post_tag","embeddable":true,"href":"https:\/\/www.europesays.com\/pt\/wp-json\/wp\/v2\/tags?post=130920"}],"curies":[{"name":"wp","href":"https:\/\/api.w.org\/{rel}","templated":true}]}}