{"id":130921,"date":"2025-10-29T09:04:23","date_gmt":"2025-10-29T09:04:23","guid":{"rendered":"https:\/\/www.europesays.com\/pt\/130921\/"},"modified":"2025-10-29T09:04:23","modified_gmt":"2025-10-29T09:04:23","slug":"maira-cardi-relata-susto-com-a-filha-recem-nascida-ficou-sem-respirar","status":"publish","type":"post","link":"https:\/\/www.europesays.com\/pt\/130921\/","title":{"rendered":"Ma\u00edra Cardi relata susto com a filha rec\u00e9m-nascida: &#8216;Ficou sem respirar&#8217;"},"content":{"rendered":"<p><a href=\"https:\/\/caras.com.br\/tags\/maira-cardi\" target=\"_blank\" rel=\"noopener nofollow\"><strong>Ma\u00edra Cardi<\/strong><\/a> usou as redes sociais na noite desta ter\u00e7a-feira, 28, para relatar um susto que passou com a filha ca\u00e7ula, <strong>Eloah<\/strong>, que nasceu no \u00faltimo domingo, 26. A menina, fruto de seu casamento com <strong>Thiago Nigro<\/strong>, ficou alguns minutos sem respirar ap\u00f3s se engasgar.<\/p>\n<p>\u201cMais um susto. Eloah acabou de engasgar feio, ficou alguns minutos sem respirar e por um acaso eu vi\u201d, escreveu a influenciadora digital.<\/p>\n<p>Em seguida, ela deu detalhes sobre o ocorrido. \u201cE o susto que tomamos agora com essa pequena que engasgou. Engasgou do nada e eu escutei um negocinho. Engasgada real e ela afogou. Ainda bem que eu estava ali, olhei e eu levantei ela r\u00e1pido, dei alguns tapinhas nas costas e ela vomitou. N\u00e3o est\u00e1 f\u00e1cil\u201d, relatou.<\/p>\n<p>\u201cEu estava deitada aqui na cama e eu t\u00f4 escutando um gemidinho bem pequenininho, que se eu estivesse dormindo, eu n\u00e3o ouvia de jeito nenhum. Eu t\u00f4 escutando esse gemidinho, fui olhar para ver se tava com fome e ela tava roxinha. A\u00ed eu puxei ela da cama e ela j\u00e1 tava afogadinha. A\u00ed ela voltou, mas n\u00e3o tinha leite, porque ela n\u00e3o tinha mamado, na verdade, voltou um v\u00f4mito mesmo, de um engasgo e a\u00ed veio umas bolotinha, a\u00ed ficou roxa, eu bati nas costas dela e ela desafogou\u201d, detalhou.<\/p>\n<p><strong>Confira:\u00a0<\/strong><\/p>\n<p> <img loading=\"lazy\" decoding=\"async\" class=\"size-full wp-image-1023825 img-fluid lazy\" alt=\"Ma\u00edra Cardi relata susto com a filha\" width=\"600\" height=\"1041\" src=\"https:\/\/www.europesays.com\/pt\/wp-content\/uploads\/2025\/10\/maira-cardi-relata-susto-com-a-filha.jpeg\"  \/>Ma\u00edra Cardi relata susto com a filha \u2013 Foto: Instagram <\/p>\n<p>\u00a0<\/p>\n<blockquote class=\"instagram-media\" style=\"background: #FFF; border: 0; border-radius: 3px; box-shadow: 0 0 1px 0 rgba(0,0,0,0.5),0 1px 10px 0 rgba(0,0,0,0.15); margin: 1px; max-width: 540px; min-width: 326px; padding: 0; width: calc(100% - 2px);\" data-instgrm-permalink=\"https:\/\/www.instagram.com\/reel\/DQX797FDH71\/?utm_source=ig_embed&amp;utm_campaign=loading\" data-instgrm-version=\"14\"><\/blockquote>\n<p>A influenciadora digital Ma\u00edra Cardi usou as redes sociais nesta ter\u00e7a-feira, 28, para compartilhar um v\u00eddeo do primeiro encontro entre as duas filhas, Sophia Cardi, de sete anos, e Eloah, que nasceu no \u00faltimo dia 26.<\/p>\n<p>Para deixar a herdeira confort\u00e1vel e fazer com que ela se sentisse inclu\u00edda em cada etapa da nova fase da fam\u00edlia, a coach e o marido, Thiago Nigro, prepararam uma surpresa especial para Sophia. Ainda na maternidade, a filha do meio de Ma\u00edra foi \u2018coroada\u2019 e recebeu o t\u00edtulo de irm\u00e3 mais velha. <a href=\"https:\/\/caras.com.br\/bebe\/maira-cardi-prepara-surpresa-no-primeiro-encontro-das-duas-filhas-escolhemos.phtml\" target=\"_blank\" rel=\"noopener nofollow\"><strong>Veja como foi!<\/strong><\/a><\/p>\n<p><strong>Leia tamb\u00e9m:<\/strong> <a href=\"https:\/\/caras.com.br\/bebe\/thiago-nigro-mostra-o-filho-mais-velho-de-maira-cardi-conhecendo-a-irma-cacula.phtml\" target=\"_blank\" rel=\"noopener nofollow\">Thiago Nigro mostra o filho mais velho de Ma\u00edra Cardi conhecendo a irm\u00e3 ca\u00e7ula<\/a><\/p>\n<p>        <a href=\"https:\/\/caras.com.br\/autor\/daniela-santos\" rel=\"nofollow noopener\" target=\"_blank\">&#13;<br \/>\n          <img loading=\"lazy\" decoding=\"async\" alt=\"Daniela Santos\" src=\"https:\/\/www.europesays.com\/pt\/wp-content\/uploads\/2025\/09\/1758949148_187_daniela-santos_sqmd.jpg\" class=\"avatar avatar-115 photo rounded-circle\" height=\"115\" width=\"115\"\/>        <\/a><\/p>\n<p><b>Daniela Santos<\/b> \u00e9 rep\u00f3rter do site CARAS. Formada em jornalismo pela FIAM FAAM, atua na \u00e1rea de celebridades e TV desde 2018<\/p>\n<p>\t                                            <script async src=\"\/\/www.instagram.com\/embed.js\"><\/script><\/p>\n","protected":false},"excerpt":{"rendered":"Ma\u00edra Cardi usou as redes sociais na noite desta ter\u00e7a-feira, 28, para relatar um susto que passou com&hellip;\n","protected":false},"author":2,"featured_media":130922,"comment_status":"","ping_status":"","sticky":false,"template":"","format":"standard","meta":{"footnotes":""},"categories":[145],"tags":[211,210,114,115,1127,7142,32,33,29728,11076],"class_list":{"0":"post-130921","1":"post","2":"type-post","3":"status-publish","4":"format-standard","5":"has-post-thumbnail","7":"category-celebridades","8":"tag-celebridades","9":"tag-celebrities","10":"tag-entertainment","11":"tag-entretenimento","12":"tag-filha","13":"tag-maira-cardi","14":"tag-portugal","15":"tag-pt","16":"tag-respiracao","17":"tag-susto"},"share_on_mastodon":{"url":"https:\/\/pubeurope.com\/@pt\/115456656254861854","error":""},"_links":{"self":[{"href":"https:\/\/www.europesays.com\/pt\/wp-json\/wp\/v2\/posts\/130921","targetHints":{"allow":["GET"]}}],"collection":[{"href":"https:\/\/www.europesays.com\/pt\/wp-json\/wp\/v2\/posts"}],"about":[{"href":"https:\/\/www.europesays.com\/pt\/wp-json\/wp\/v2\/types\/post"}],"author":[{"embeddable":true,"href":"https:\/\/www.europesays.com\/pt\/wp-json\/wp\/v2\/users\/2"}],"replies":[{"embeddable":true,"href":"https:\/\/www.europesays.com\/pt\/wp-json\/wp\/v2\/comments?post=130921"}],"version-history":[{"count":0,"href":"https:\/\/www.europesays.com\/pt\/wp-json\/wp\/v2\/posts\/130921\/revisions"}],"wp:featuredmedia":[{"embeddable":true,"href":"https:\/\/www.europesays.com\/pt\/wp-json\/wp\/v2\/media\/130922"}],"wp:attachment":[{"href":"https:\/\/www.europesays.com\/pt\/wp-json\/wp\/v2\/media?parent=130921"}],"wp:term":[{"taxonomy":"category","embeddable":true,"href":"https:\/\/www.europesays.com\/pt\/wp-json\/wp\/v2\/categories?post=130921"},{"taxonomy":"post_tag","embeddable":true,"href":"https:\/\/www.europesays.com\/pt\/wp-json\/wp\/v2\/tags?post=130921"}],"curies":[{"name":"wp","href":"https:\/\/api.w.org\/{rel}","templated":true}]}}