{"id":130964,"date":"2025-10-29T10:01:10","date_gmt":"2025-10-29T10:01:10","guid":{"rendered":"https:\/\/www.europesays.com\/pt\/130964\/"},"modified":"2025-10-29T10:01:10","modified_gmt":"2025-10-29T10:01:10","slug":"liberdade-fm-destaca-lideranca-de-audiencia-no-filtro-comercial-em-belo-horizonte","status":"publish","type":"post","link":"https:\/\/www.europesays.com\/pt\/130964\/","title":{"rendered":"Liberdade FM destaca lideran\u00e7a de audi\u00eancia no filtro comercial em Belo Horizonte"},"content":{"rendered":"<p>A <strong>Liberdade FM 92.9 de Belo Horizonte<\/strong> passou a veicular uma campanha institucional sobre sua lideran\u00e7a de audi\u00eancia no filtro comercial, conforme dados divulgados pela <strong>Kantar IBOPE Media<\/strong>. O levantamento considera o per\u00edodo de <strong>julho a setembro de 2025<\/strong> no mercado da capital mineira (07h-19h\/FM+WEB\/segunda a s\u00e1bado\/trimestre julho a setembro de 2025).<\/p>\n<p><strong>+ <a href=\"https:\/\/tudoradio.com\/noticias\/ver\/33925-liberdade-fm-realiza-acoes-promocionais-com-mais-de-r-30-mil-em-premios-em-belo-horizonte\" rel=\"nofollow noopener\" target=\"_blank\"><strong>L<\/strong>iberdade FM realiza a\u00e7\u00f5es promocionais com mais de R$ 30 mil em pr\u00eamios em Belo Horizonte<\/a><\/strong><\/p>\n<p>De acordo com o instituto, a emissora ocupa o <strong>primeiro lugar em audi\u00eancia<\/strong> de <strong>segunda a s\u00e1bado, das 7h \u00e0s 19h<\/strong>, com <strong>96.931 ouvintes por minuto.<\/strong>\u00a0A Liberdade FM tamb\u00e9m ocupa posi\u00e7\u00e3o de destaque em outro cen\u00e1rio.<\/p>\n<p><strong><a href=\"https:\/\/tudoradio.com\/noticias\/ver\/33884-panorama-radio-itatiaia-segue-lider-isolada-liberdade-fm-jovem-pan-fm-107-e-98-fm-avancam-em-belo-horizonte\" rel=\"nofollow noopener\" target=\"_blank\">Conforme o panorama divulgado recentemente<\/a><\/strong> pelo <strong>tudoradio.com<\/strong>, com base no filtro <strong>05h-00h\/FM+WEB\/todos os dias e locais<\/strong>, a emissora<strong>\u00a0<\/strong>figura pela <strong>terceira medi\u00e7\u00e3o consecutiva<\/strong> como a <strong>segunda maior audi\u00eancia geral<\/strong> no ranking FM da Grande Belo Horizonte.<\/p>\n<p>Na pesquisa atual, a emissora registra avan\u00e7o de aproximadamente <strong>1%<\/strong> em rela\u00e7\u00e3o ao levantamento anterior. Com isso, a r\u00e1dio se consolida\u00a0de forma isolada na <strong>vice-lideran\u00e7a geral de audi\u00eancia<\/strong> e mantendo tend\u00eancia de crescimento no principal mercado de r\u00e1dio de Minas Gerais.<\/p>\n<p style=\"text-align:center\"><img decoding=\"async\" alt=\"\" src=\"https:\/\/www.europesays.com\/pt\/wp-content\/uploads\/2025\/10\/690109941ceb4.png\" style=\"height:300px; width:330px\" \/><\/p>\n<p>&#13;<br \/>\n\t\t\t\tTags:&#13;<br \/>\n\t\t\t\tLiberdade FM 92.9, Belo Horizonte, audi\u00eancia, Kantar IBOPE Media, r\u00e1dio popular, r\u00e1dio sertaneja, mercado mineiro&#13;\n\t\t\t<\/p>\n","protected":false},"excerpt":{"rendered":"A Liberdade FM 92.9 de Belo Horizonte passou a veicular uma campanha institucional sobre sua lideran\u00e7a de audi\u00eancia&hellip;\n","protected":false},"author":2,"featured_media":130965,"comment_status":"","ping_status":"","sticky":false,"template":"","format":"standard","meta":{"footnotes":""},"categories":[141],"tags":[18048,6846,114,115,27812,29734,29736,149,150,32,33,24301,29735],"class_list":{"0":"post-130964","1":"post","2":"type-post","3":"status-publish","4":"format-standard","5":"has-post-thumbnail","7":"category-musica","8":"tag-audiencia","9":"tag-belo-horizonte","10":"tag-entertainment","11":"tag-entretenimento","12":"tag-kantar-ibope-media","13":"tag-liberdade-fm-92-9","14":"tag-mercado-mineiro","15":"tag-music","16":"tag-musica","17":"tag-portugal","18":"tag-pt","19":"tag-radio-popular","20":"tag-radio-sertaneja"},"share_on_mastodon":{"url":"https:\/\/pubeurope.com\/@pt\/115456880495592577","error":""},"_links":{"self":[{"href":"https:\/\/www.europesays.com\/pt\/wp-json\/wp\/v2\/posts\/130964","targetHints":{"allow":["GET"]}}],"collection":[{"href":"https:\/\/www.europesays.com\/pt\/wp-json\/wp\/v2\/posts"}],"about":[{"href":"https:\/\/www.europesays.com\/pt\/wp-json\/wp\/v2\/types\/post"}],"author":[{"embeddable":true,"href":"https:\/\/www.europesays.com\/pt\/wp-json\/wp\/v2\/users\/2"}],"replies":[{"embeddable":true,"href":"https:\/\/www.europesays.com\/pt\/wp-json\/wp\/v2\/comments?post=130964"}],"version-history":[{"count":0,"href":"https:\/\/www.europesays.com\/pt\/wp-json\/wp\/v2\/posts\/130964\/revisions"}],"wp:featuredmedia":[{"embeddable":true,"href":"https:\/\/www.europesays.com\/pt\/wp-json\/wp\/v2\/media\/130965"}],"wp:attachment":[{"href":"https:\/\/www.europesays.com\/pt\/wp-json\/wp\/v2\/media?parent=130964"}],"wp:term":[{"taxonomy":"category","embeddable":true,"href":"https:\/\/www.europesays.com\/pt\/wp-json\/wp\/v2\/categories?post=130964"},{"taxonomy":"post_tag","embeddable":true,"href":"https:\/\/www.europesays.com\/pt\/wp-json\/wp\/v2\/tags?post=130964"}],"curies":[{"name":"wp","href":"https:\/\/api.w.org\/{rel}","templated":true}]}}