{"id":130979,"date":"2025-10-29T10:18:07","date_gmt":"2025-10-29T10:18:07","guid":{"rendered":"https:\/\/www.europesays.com\/pt\/130979\/"},"modified":"2025-10-29T10:18:07","modified_gmt":"2025-10-29T10:18:07","slug":"gripe-covid-19-e-virus-comuns-podem-aumentar-risco-de-enfarte-e-avc","status":"publish","type":"post","link":"https:\/\/www.europesays.com\/pt\/130979\/","title":{"rendered":"Gripe, COVID-19 e v\u00edrus comuns podem aumentar risco de enfarte e AVC"},"content":{"rendered":"<p>Ficar doente com gripe ou COVID-19 aumenta o risco de enfarte do mioc\u00e1rdio ou acidente vascular cerebral (AVC) nas semanas seguintes, segundo uma nova an\u00e1lise que mapeia como os v\u00edrus podem afetar a sa\u00fade cardiovascular.<\/p>\n<p>Investigadores sabem h\u00e1 muito que v\u00edrus como o papilomav\u00edrus humano (HPV) e a hepatite B podem causar cancro, mas as liga\u00e7\u00f5es a outros problemas de sa\u00fade, como doen\u00e7a card\u00edaca, permanecem menos claras.<\/p>\n<p>A an\u00e1lise mais recente reuniu dados de 155 estudos. Indica que h\u00e1 riscos para a sa\u00fade cardiovascular associados a infe\u00e7\u00f5es t\u00e3o diversas como gripe, coronav\u00edrus, VIH, hepatite C e o v\u00edrus varicela-z\u00f3ster, que causa zona e varicela.<\/p>\n<p>\u00abO nosso estudo concluiu que infe\u00e7\u00f5es virais agudas e cr\u00f3nicas est\u00e3o associadas a riscos de doen\u00e7a cardiovascular a curto e a longo prazo, incluindo AVC e enfarte\u00bb, disse em comunicado Kosuke Kawai, autor principal do estudo e epidemiologista da Universidade da Calif\u00f3rnia, Los Angeles.<\/p>\n<p>No m\u00eas seguinte a um diagn\u00f3stico de gripe, as pessoas t\u00eam quatro vezes mais probabilidade de sofrer um enfarte e cinco vezes mais de sofrer um AVC, segundo o estudo, publicado no <a href=\"https:\/\/www.ahajournals.org\/doi\/10.1161\/JAHA.125.042670\" target=\"_blank\" rel=\"noreferrer nofollow noopener\"><strong>Journal of the American Heart Association.<\/strong><\/a><\/p>\n<p>Nos 3,5 meses ap\u00f3s a infe\u00e7\u00e3o por COVID-19, o risco de enfarte ou AVC triplica, mantendo-se acima do normal durante um ano ap\u00f3s a infe\u00e7\u00e3o, concluiu o estudo.<\/p>\n<p>J\u00e1 nas infe\u00e7\u00f5es cr\u00f3nicas, os riscos elevados eram mais baixos, mas persistentes.<\/p>\n<p>O risco de enfarte era 60 por cento superior nas pessoas com VIH, 27 por cento superior nas com hepatite C e 12 por cento superior nas com zona, pelo menos cinco anos depois.<\/p>\n<p>Kawai afirmou que os resultados s\u00e3o \u00abclinicamente relevantes\u00bb, face ao n\u00famero de pessoas afetadas por estas infe\u00e7\u00f5es virais cr\u00f3nicas.<\/p>\n<p>Globalmente, registaram-se cerca de 1,3 milh\u00f5es de novas infe\u00e7\u00f5es por VIH em 2024 e todos os anos s\u00e3o notificadas cerca de um milh\u00e3o de novas infe\u00e7\u00f5es por hepatite C.<\/p>\n<p>Estimativas publicadas em 2021 indicam que, na Europa, h\u00e1 aproximadamente seis a 10 novos casos de zona por ano por cada 1.000 pessoas.<\/p>\n<p>Isto significa que \u00abo risco acrescido associado a esse v\u00edrus se traduz num grande n\u00famero de casos adicionais de doen\u00e7a cardiovascular \u00e0 escala da popula\u00e7\u00e3o\u00bb, disse Kawai.<\/p>\n<p>As infe\u00e7\u00f5es virais ativam o sistema imunit\u00e1rio, levando-o a libertar mol\u00e9culas que aumentam o fluxo sangu\u00edneo para combater o v\u00edrus. Isso provoca inflama\u00e7\u00e3o (vis\u00edvel como vermelhid\u00e3o, incha\u00e7o e calor) e coagula\u00e7\u00e3o do sangue.<\/p>\n<p>Mas a inflama\u00e7\u00e3o e a coagula\u00e7\u00e3o podem tamb\u00e9m prejudicar o funcionamento do cora\u00e7\u00e3o, o que pode ajudar a explicar porque os riscos de enfarte e AVC permanecem mais elevados ap\u00f3s as infe\u00e7\u00f5es, referem os investigadores.<\/p>\n<p>Salientaram que as evid\u00eancias continuam pouco claras quanto a se outros v\u00edrus, incluindo dengue, HPV, citomegalov\u00edrus (que pode causar malforma\u00e7\u00f5es cong\u00e9nitas) e herpes simplex tipo 1, que provoca herpes labial, aumentam os riscos para a sa\u00fade cardiovascular.<\/p>\n<p>H\u00e1 formas de reduzir estes riscos, e a vacina\u00e7\u00e3o contra a gripe, a COVID-19 e a zona mostra potencial, concluiu o estudo. Controlar a inflama\u00e7\u00e3o pode tamb\u00e9m ser essencial.<\/p>\n<p>Numa revis\u00e3o de 2022, por exemplo, quem recebeu a vacina da gripe teve um risco 34 por cento menor de morrer ou de ser internado por um problema cardiovascular, face a quem recebeu um placebo, ou uma inje\u00e7\u00e3o simulada.<\/p>\n<p>Em geral, as vacinas podem ser particularmente ben\u00e9ficas para pessoas que j\u00e1 t\u00eam doen\u00e7a card\u00edaca ou outros fatores de risco, disse Kawai.<\/p>\n<p>\u00abMedidas preventivas contra infe\u00e7\u00f5es virais, incluindo a vacina\u00e7\u00e3o, podem desempenhar um papel importante na diminui\u00e7\u00e3o do risco de doen\u00e7a cardiovascular\u00bb, disse Kawai.<\/p>\n","protected":false},"excerpt":{"rendered":"Ficar doente com gripe ou COVID-19 aumenta o risco de enfarte do mioc\u00e1rdio ou acidente vascular cerebral (AVC)&hellip;\n","protected":false},"author":2,"featured_media":130980,"comment_status":"","ping_status":"","sticky":false,"template":"","format":"standard","meta":{"footnotes":""},"categories":[86],"tags":[14887,2641,15544,1418,116,32,33,117,1893],"class_list":{"0":"post-130979","1":"post","2":"type-post","3":"status-publish","4":"format-standard","5":"has-post-thumbnail","7":"category-saude","8":"tag-ataque-cardiaco","9":"tag-covid-19","10":"tag-doenca-cardiaca","11":"tag-gripe","12":"tag-health","13":"tag-portugal","14":"tag-pt","15":"tag-saude","16":"tag-virus"},"share_on_mastodon":{"url":"https:\/\/pubeurope.com\/@pt\/115456947347582271","error":""},"_links":{"self":[{"href":"https:\/\/www.europesays.com\/pt\/wp-json\/wp\/v2\/posts\/130979","targetHints":{"allow":["GET"]}}],"collection":[{"href":"https:\/\/www.europesays.com\/pt\/wp-json\/wp\/v2\/posts"}],"about":[{"href":"https:\/\/www.europesays.com\/pt\/wp-json\/wp\/v2\/types\/post"}],"author":[{"embeddable":true,"href":"https:\/\/www.europesays.com\/pt\/wp-json\/wp\/v2\/users\/2"}],"replies":[{"embeddable":true,"href":"https:\/\/www.europesays.com\/pt\/wp-json\/wp\/v2\/comments?post=130979"}],"version-history":[{"count":0,"href":"https:\/\/www.europesays.com\/pt\/wp-json\/wp\/v2\/posts\/130979\/revisions"}],"wp:featuredmedia":[{"embeddable":true,"href":"https:\/\/www.europesays.com\/pt\/wp-json\/wp\/v2\/media\/130980"}],"wp:attachment":[{"href":"https:\/\/www.europesays.com\/pt\/wp-json\/wp\/v2\/media?parent=130979"}],"wp:term":[{"taxonomy":"category","embeddable":true,"href":"https:\/\/www.europesays.com\/pt\/wp-json\/wp\/v2\/categories?post=130979"},{"taxonomy":"post_tag","embeddable":true,"href":"https:\/\/www.europesays.com\/pt\/wp-json\/wp\/v2\/tags?post=130979"}],"curies":[{"name":"wp","href":"https:\/\/api.w.org\/{rel}","templated":true}]}}