{"id":131009,"date":"2025-10-29T10:42:08","date_gmt":"2025-10-29T10:42:08","guid":{"rendered":"https:\/\/www.europesays.com\/pt\/131009\/"},"modified":"2025-10-29T10:42:08","modified_gmt":"2025-10-29T10:42:08","slug":"vem-ai-em-terra-forte-flor-engana-rosa-maria-e-sammy-com-uma-historia-falsa-novelas","status":"publish","type":"post","link":"https:\/\/www.europesays.com\/pt\/131009\/","title":{"rendered":"Vem a\u00ed em \u00abTerra Forte\u00bb: Flor engana Rosa Maria e Sammy com uma hist\u00f3ria falsa &#8211; Novelas"},"content":{"rendered":"<p>Em \u00abTerra Forte\u00bb, <a href=\"https:\/\/tvi.iol.pt\/novelas\/videos\/terra-forte-sammy-fica-sem-chao-ao-descobrir-que-flor-e-a-mae-de-rosinha\/68f7b83e0cf29d28d8297a75\" rel=\"nofollow noopener\" target=\"_blank\">Sammy (Jos\u00e9 Fidalgo)<\/a>\u00a0diz a <a href=\"https:\/\/tvi.iol.pt\/novelas\/fotos\/vem-ai-em-terra-forte-em-lagrimas-e-rejeitada-rosa-maria-deixa-flor-para-tras\/68f64dafd34e58bc6797196e\" rel=\"nofollow noopener\" target=\"_blank\">Rosa Maria (Cust\u00f3dia Gallego)\u00a0<\/a> que <a href=\"https:\/\/tvi.iol.pt\/novelas\/videos\/terra-forte-maria-de-fatima-e-manuel-tinham-um-caso\/68f65cdc0cf29d28d82976cb\" rel=\"nofollow noopener\" target=\"_blank\">Maria de F\u00e1tima (Rita Pereira)<\/a> n\u00e3o lhe ligou mais desde que lhe contou a hist\u00f3ria de <a href=\"https:\/\/tvi.iol.pt\/novelas\/videos\/terra-forte-no-dia-do-seu-aniversario-flor-recebe-uma-visita-inesperada\/68f65c7a0cf29d28d82976c8\" rel=\"nofollow noopener\" target=\"_blank\">Flor (Benedita Pereira)<\/a>, achando que ela est\u00e1 somente zangada com ele. Ambos olham surpresos para Flor e <a href=\"https:\/\/tvi.iol.pt\/novelas\/videos\/terra-forte-emocionante-antonio-e-flor-trocam-juras-de-amor\/68f7b89d0cf29d28d8297a77\" rel=\"nofollow noopener\" target=\"_blank\">Ant\u00f3nio (Jo\u00e3o Catarr\u00e9)<\/a>\u00a0a aproximarem-se, com Flor a assumir ter-lhes mentido e precisar de esclarecer coisas com eles.<\/p>\n<p>Flor admite a Rosa Maria e Sammy poder ser mesmo ela aquela mulher que eles procuram por ter perdido a mem\u00f3ria do seu passado, contando que foi Ant\u00f3nio quem a encontrou naufragada em alto-mar. Rosa Maria e Sammy olham-na muito emocionados.<\/p>\n<p>Flor disfar\u00e7a que procurou descobrir quem era, mas nunca teve sucesso. Rosa Maria e Sammy percebem agora que Flor nunca conseguiu descobrir quem era por todos os seus registos estarem no Brasil, com Rosa Maria a dizer-lhe que ela pertence \u00e0 fam\u00edlia Terra Forte. Flor finge curiosidade.<\/p>\n<p>Flor avisa que n\u00e3o pretende nada deles, somente querendo saber mais do seu passado. Flor vinca a Rosa Maria n\u00e3o querer mesmo nada que seja deles.<\/p>\n<p>Recorde o reencontro de Flor com a m\u00e3e:<\/p>\n","protected":false},"excerpt":{"rendered":"Em \u00abTerra Forte\u00bb, Sammy (Jos\u00e9 Fidalgo)\u00a0diz a Rosa Maria (Cust\u00f3dia Gallego)\u00a0 que Maria de F\u00e1tima (Rita Pereira) n\u00e3o&hellip;\n","protected":false},"author":2,"featured_media":131010,"comment_status":"","ping_status":"","sticky":false,"template":"","format":"standard","meta":{"footnotes":""},"categories":[142],"tags":[160,27121,7951,166,18259,114,115,157,167,978,2727,164,161,158,165,159,32,33,156,27871,26751,18614,163,151,162],"class_list":{"0":"post-131009","1":"post","2":"type-post","3":"status-publish","4":"format-standard","5":"has-post-thumbnail","7":"category-tv","8":"tag-ana-guiomar","9":"tag-antonio","10":"tag-benedita-pereira","11":"tag-cristina-ferreira","12":"tag-custodia-gallego","13":"tag-entertainment","14":"tag-entretenimento","15":"tag-festa-e-festa","16":"tag-ficcao","17":"tag-flor","18":"tag-joao-catarre","19":"tag-jose-fidalgo","20":"tag-novelas","21":"tag-para-sempre","22":"tag-pedro-sousa","23":"tag-pedro-teixeira","24":"tag-portugal","25":"tag-pt","26":"tag-queridos-papas","27":"tag-rosa-maria","28":"tag-sammy","29":"tag-terra-forte","30":"tag-tiago-teotonio-pereira","31":"tag-tv","32":"tag-tvi"},"share_on_mastodon":{"url":"https:\/\/pubeurope.com\/@pt\/115457041569639072","error":""},"_links":{"self":[{"href":"https:\/\/www.europesays.com\/pt\/wp-json\/wp\/v2\/posts\/131009","targetHints":{"allow":["GET"]}}],"collection":[{"href":"https:\/\/www.europesays.com\/pt\/wp-json\/wp\/v2\/posts"}],"about":[{"href":"https:\/\/www.europesays.com\/pt\/wp-json\/wp\/v2\/types\/post"}],"author":[{"embeddable":true,"href":"https:\/\/www.europesays.com\/pt\/wp-json\/wp\/v2\/users\/2"}],"replies":[{"embeddable":true,"href":"https:\/\/www.europesays.com\/pt\/wp-json\/wp\/v2\/comments?post=131009"}],"version-history":[{"count":0,"href":"https:\/\/www.europesays.com\/pt\/wp-json\/wp\/v2\/posts\/131009\/revisions"}],"wp:featuredmedia":[{"embeddable":true,"href":"https:\/\/www.europesays.com\/pt\/wp-json\/wp\/v2\/media\/131010"}],"wp:attachment":[{"href":"https:\/\/www.europesays.com\/pt\/wp-json\/wp\/v2\/media?parent=131009"}],"wp:term":[{"taxonomy":"category","embeddable":true,"href":"https:\/\/www.europesays.com\/pt\/wp-json\/wp\/v2\/categories?post=131009"},{"taxonomy":"post_tag","embeddable":true,"href":"https:\/\/www.europesays.com\/pt\/wp-json\/wp\/v2\/tags?post=131009"}],"curies":[{"name":"wp","href":"https:\/\/api.w.org\/{rel}","templated":true}]}}