{"id":131022,"date":"2025-10-29T10:57:10","date_gmt":"2025-10-29T10:57:10","guid":{"rendered":"https:\/\/www.europesays.com\/pt\/131022\/"},"modified":"2025-10-29T10:57:10","modified_gmt":"2025-10-29T10:57:10","slug":"foi-brusco-e-violento-com-a-marisa-susana-por-causa-de-farinha","status":"publish","type":"post","link":"https:\/\/www.europesays.com\/pt\/131022\/","title":{"rendered":"\u201cFoi brusco e violento com a Marisa Susana por causa de farinha\u201d"},"content":{"rendered":"<p>Bruno Sim\u00e3o em nova pol\u00e9mica na \u201c<a href=\"https:\/\/tvi.iol.pt\/secretstory\" rel=\"nofollow noopener\" target=\"_blank\">Casa dos Segredos 9<\/a>\u201d: \u201cFoi brusco e violento com a Marisa Susana por causa de farinha\u201d, disseram.<\/p>\n<p>Discuss\u00e3o acesa gera indigna\u00e7\u00e3o entre comentadores<\/p>\n<p>A tens\u00e3o dentro da <strong>\u201cCasa dos Segredos 9\u201d<\/strong> parece n\u00e3o abrandar, e o nome de <strong>Bruno Sim\u00e3o<\/strong> volta a estar no centro da pol\u00e9mica. Desta vez, tudo aconteceu por causa de um epis\u00f3dio ins\u00f3lito envolvendo <strong>um pacote de farinha<\/strong> e <strong>Marisa Susana<\/strong>, que rapidamente gerou <strong>reprova\u00e7\u00e3o dentro e fora da casa<\/strong>.<\/p>\n<p>Durante o <strong>\u2018Extra\u2019<\/strong>, os comentadores do programa analisaram o incidente, que foi descrito como <strong>\u201cbrusco\u201d e \u201cviolento\u201d<\/strong>, especialmente por <strong>C\u00e2ndido Pereira<\/strong> e <strong>Isabel Figueira<\/strong>, que mostraram-se visivelmente incomodados com a atitude do concorrente.<\/p>\n<p>\u201cFoi brusco e violento com a Marisa Susana\u201d<\/p>\n<p>Ao comentar o epis\u00f3dio, <strong>C\u00e2ndido Pereira<\/strong> n\u00e3o poupou cr\u00edticas ao comportamento de Bruno. O comentador reconheceu que Marisa tentou provocar uma rea\u00e7\u00e3o, mas sublinhou que <strong>a resposta foi completamente desproporcional<\/strong>.<\/p>\n<p><strong>\u201cPor muito que a Marisa Susana estivesse ali a tentar picar, a tentar tirar uma rea\u00e7\u00e3o, que \u00e9 leg\u00edtimo, j\u00e1 o disse\u2026 foi brusco e violento com a Marisa Susana por causa de farinha\u201d<\/strong>, afirmou o algarvio, evidenciando o desconforto que o momento causou.<\/p>\n<p>\u201cAs atitudes do Bruno t\u00eam vindo a crescer\u201d<\/p>\n<p>Por sua vez, <strong>Isabel Figueira<\/strong> tamb\u00e9m se mostrou preocupada com a postura cada vez mais impulsiva de Bruno Sim\u00e3o. Para a comentadora, o epis\u00f3dio foi <strong>\u201cdesnecess\u00e1rio\u201d<\/strong> e pode ser um sinal de alerta para comportamentos futuros.<\/p>\n<p><strong>\u201cN\u00e3o sei o que \u00e9 que vai acontecer, se isto vai haver uma san\u00e7\u00e3o ou para a Marisa Susana, que estava a usar a farinha, que n\u00e3o sabia, ou para o Bruno, que teve esta atitude. No meu ver, \u00e9 brusca e desnecess\u00e1ria por causa de uma farinha\u201d<\/strong>, come\u00e7ou por afirmar.<\/p>\n<p>A apresentadora foi mais longe e deixou uma reflex\u00e3o sobre a evolu\u00e7\u00e3o do concorrente dentro do jogo. <strong>\u201cSe temos isto por causa de uma farinha, o que \u00e9 que vamos ter amanh\u00e3? Portanto, as atitudes do Bruno t\u00eam vindo a crescer ao longo do tempo. Que Bruno \u00e9 que vamos ter amanh\u00e3? Esta \u00e9 a minha pergunta\u201d<\/strong>, questionou, demonstrando preocupa\u00e7\u00e3o com o rumo da sua conduta.<\/p>\n<p>Poss\u00edvel san\u00e7\u00e3o em debate<\/p>\n<p>A produ\u00e7\u00e3o ainda n\u00e3o se pronunciou oficialmente sobre o caso, mas os comentadores levantaram a possibilidade de <strong>uma san\u00e7\u00e3o disciplinar<\/strong> ser aplicada, tanto a <strong>Bruno Sim\u00e3o<\/strong> quanto a <strong>Marisa Susana<\/strong>, dependendo da avalia\u00e7\u00e3o completa do incidente.<\/p>\n<p><a href=\"https:\/\/news.google.com\/publications\/CAAqBwgKMKfIoAswtNK4Aw\" target=\"_blank\" rel=\"noopener noreferrer nofollow\"><img loading=\"lazy\" data-lazyloaded=\"1\" width=\"481\" height=\"161\" decoding=\"async\" src=\"\/wp-content\/uploads\/2024\/02\/GN_siganos.png\" alt=\"Siga-nos no Google News\" style=\"margin-top:20px;\"\/><\/a><\/p>\n","protected":false},"excerpt":{"rendered":"Bruno Sim\u00e3o em nova pol\u00e9mica na \u201cCasa dos Segredos 9\u201d: \u201cFoi brusco e violento com a Marisa Susana&hellip;\n","protected":false},"author":2,"featured_media":121772,"comment_status":"","ping_status":"","sticky":false,"template":"","format":"standard","meta":{"footnotes":""},"categories":[142],"tags":[19139,2632,114,115,32,33,151],"class_list":{"0":"post-131022","1":"post","2":"type-post","3":"status-publish","4":"format-standard","5":"has-post-thumbnail","7":"category-tv","8":"tag-bruno-simao","9":"tag-casa-dos-segredos","10":"tag-entertainment","11":"tag-entretenimento","12":"tag-portugal","13":"tag-pt","14":"tag-tv"},"share_on_mastodon":{"url":"https:\/\/pubeurope.com\/@pt\/115457100726281848","error":""},"_links":{"self":[{"href":"https:\/\/www.europesays.com\/pt\/wp-json\/wp\/v2\/posts\/131022","targetHints":{"allow":["GET"]}}],"collection":[{"href":"https:\/\/www.europesays.com\/pt\/wp-json\/wp\/v2\/posts"}],"about":[{"href":"https:\/\/www.europesays.com\/pt\/wp-json\/wp\/v2\/types\/post"}],"author":[{"embeddable":true,"href":"https:\/\/www.europesays.com\/pt\/wp-json\/wp\/v2\/users\/2"}],"replies":[{"embeddable":true,"href":"https:\/\/www.europesays.com\/pt\/wp-json\/wp\/v2\/comments?post=131022"}],"version-history":[{"count":0,"href":"https:\/\/www.europesays.com\/pt\/wp-json\/wp\/v2\/posts\/131022\/revisions"}],"wp:featuredmedia":[{"embeddable":true,"href":"https:\/\/www.europesays.com\/pt\/wp-json\/wp\/v2\/media\/121772"}],"wp:attachment":[{"href":"https:\/\/www.europesays.com\/pt\/wp-json\/wp\/v2\/media?parent=131022"}],"wp:term":[{"taxonomy":"category","embeddable":true,"href":"https:\/\/www.europesays.com\/pt\/wp-json\/wp\/v2\/categories?post=131022"},{"taxonomy":"post_tag","embeddable":true,"href":"https:\/\/www.europesays.com\/pt\/wp-json\/wp\/v2\/tags?post=131022"}],"curies":[{"name":"wp","href":"https:\/\/api.w.org\/{rel}","templated":true}]}}