{"id":131030,"date":"2025-10-29T11:05:13","date_gmt":"2025-10-29T11:05:13","guid":{"rendered":"https:\/\/www.europesays.com\/pt\/131030\/"},"modified":"2025-10-29T11:05:13","modified_gmt":"2025-10-29T11:05:13","slug":"guterres-falhamos-em-evitar-um-aquecimento-global-superior-a-15-graus-cop30","status":"publish","type":"post","link":"https:\/\/www.europesays.com\/pt\/131030\/","title":{"rendered":"Guterres: \u201cFalh\u00e1mos em evitar um aquecimento global superior a 1,5 graus\u201d | COP30"},"content":{"rendered":"<p>A prioridade na confer\u00eancia do clima, a COP30, que se realiza em Novembro em Bel\u00e9m, no Brasil, \u00e9 reconhecer que falh\u00e1mos e mudar rapidamente mudar de direc\u00e7\u00e3o, defende o secret\u00e1rio-geral das Na\u00e7\u00f5es Unidas. \u201cA verdade \u00e9 que falh\u00e1mos no esfor\u00e7o de evitar um aquecimento global superior a 1,5 graus nos pr\u00f3ximos anos\u201d, afirma Ant\u00f3nio Guterres.<\/p>\n<p>Numa entrevista conjunta ao jornal brit\u00e2nico <a href=\"https:\/\/www.theguardian.com\/environment\/2025\/oct\/28\/change-course-now-humanity-has-missed-15c-climate-target-says-un-head\" target=\"_blank\" rel=\"nofollow noopener\">The Guardian<\/a> e ao site brasileiro <a href=\"https:\/\/sumauma.com\/secretario-geral-onu-antonio-guterres-vozes-indigenas-inspirar-mundo-evitar-catastrofe-climatica\/\" target=\"_blank\" rel=\"nofollow noopener\">Suma\u00fama<\/a>, que se centra na Amaz\u00f3nia, Guterres apresentou as prioridade para a <a href=\"https:\/\/www.publico.pt\/cop30\" rel=\"nofollow noopener\" target=\"_blank\">COP30<\/a>. \u201c\u00c9 absolutamente indispens\u00e1vel mudar de curso para que <a href=\"https:\/\/www.publico.pt\/2025\/03\/19\/azul\/noticia\/acordo-paris-acaba-termometro-global-subir-15-graus-2126317\" rel=\"nofollow noopener\" target=\"_blank\">ultrapassemos o limiar de 1,5 graus<\/a> o menos poss\u00edvel, e durante um per\u00edodo curto, para <a href=\"https:\/\/www.publico.pt\/2022\/09\/09\/azul\/noticia\/terra-perto-ultrapassar-varios-pontos-naoretorno-climaticos-2019733\" rel=\"nofollow noopener\" target=\"_blank\">evitar pontos de n\u00e3o retorno<\/a>, como na Amaz\u00f3nia. N\u00e3o quero ver a floresta amaz\u00f3nica transformada numa savana\u201d.<\/p>\n<p>A partir de um aquecimento global <a href=\"https:\/\/www.publico.pt\/2025\/01\/10\/azul\/noticia\/terra-ultrapassou-15-graus-acordo-paris-2024-primeira-anuncia-servico-europeu-2118253\" rel=\"nofollow noopener\" target=\"_blank\">acima de 1,5 graus<\/a> (tendo como refer\u00eancia os valores antes da Revolu\u00e7\u00e3o Industrial, quando come\u00e7\u00e1mos a lan\u00e7ar grandes quantidades de di\u00f3xido de carbono e outros gases de estufa para a atmosfera), esperam-se consequ\u00eancias devastadoras, sublinha Guterres.<\/p>\n<p>        &#13;<\/p>\n<p>&#13;<br \/>\n                &#13;\n            <\/p>\n<p>&#13;<\/p>\n<p>Algumas ser\u00e3o pontos de inflex\u00e3o clim\u00e1ticos, a partir dos quais se alteram radicalmente alguns ambientes \u2013 como a <a href=\"https:\/\/www.publico.pt\/2024\/02\/14\/azul\/noticia\/amazonia-atingir-ponto-nao-retorno-ja-2050-deixando-floresta-risco-2080352\" rel=\"nofollow noopener\" target=\"_blank\">Amaz\u00f3nia tornar-se savana<\/a>. O primeiro desses pontos de n\u00e3o retorno foi j\u00e1 ultrapassado, dizem os cientistas: a <a href=\"https:\/\/www.publico.pt\/2025\/10\/13\/azul\/noticia\/terra-ultrapassa-ponto-retorno-morte-corais-tropicais-2150589\" rel=\"nofollow noopener\" target=\"_blank\">morte dos corais tropicais<\/a>.<\/p>\n<p>\u201cMas este \u00e9 um risco real, se n\u00e3o mudarmos o nosso comportamento e reduzirmos de forma dr\u00e1stica as emiss\u00f5es de gases de estufa o mais rapidamente poss\u00edvel\u201d, salienta Ant\u00f3nio Guterres.<\/p>\n<p>        &#13;<\/p>\n<blockquote><p>&#13;<\/p>\n<p>\u00c9 indispens\u00e1vel que se ganhe uma consci\u00eancia mundial de que as comunidades ind\u00edgenas s\u00e3o as nossas defensoras da Natureza, as nossas defensoras do planeta<\/p>\n<p>&#13;<br \/>\n                &#13;<br \/>\nAnt\u00f3nio Guterres                &#13;\n            <\/p><\/blockquote>\n<p>&#13;<br \/>\n&#13;<br \/>\n            &#13;<\/p>\n<p>Os \u00faltimos <a href=\"https:\/\/www.publico.pt\/2023\/12\/05\/azul\/noticia\/cientistas-analisaram-decada-passada-quente-desde-ha-registos-2072526\" rel=\"nofollow noopener\" target=\"_blank\">dez anos foram os mais quentes<\/a> desde que se fazem medi\u00e7\u00f5es. Apesar de um alarme crescente com a rapidez do aumento da temperatura m\u00e9dia global, causada em grande parte pela queima de combust\u00edveis f\u00f3sseis, as nossas emiss\u00f5es de di\u00f3xido de carbono (CO2), o principal g\u00e1s de estufa, nunca foram t\u00e3o elevadas.<\/p>\n<p>Enquanto isso, os compromissos dos governos para reduzir as emiss\u00f5es, diz Guterres, est\u00e3o bem aqu\u00e9m do que seria necess\u00e1rio.<\/p>\n<p>Menos de um ter\u00e7o dos pa\u00edses (62 em 197) enviou os seus planos de ac\u00e7\u00e3o clim\u00e1tica, como <a href=\"https:\/\/www.publico.pt\/2025\/02\/10\/azul\/noticia\/ha-196-paises-acordo-paris-so-dezena-entregou-novas-metas-2122028\" rel=\"nofollow noopener\" target=\"_blank\">deviam fazer este ano<\/a>, ao abrigo do Acordo de Paris, actualizando os seus compromissos para redu\u00e7\u00e3o de emiss\u00f5es. E os EUA abandonaram o pr\u00f3prio Acordo de Paris, com a Administra\u00e7\u00e3o de Donald Trump a querer impulsionar sem freios a explora\u00e7\u00e3o de petr\u00f3leo, carv\u00e3o e g\u00e1s natural.<\/p>\n<p>A entrevista foi feita por Jonathan Watts, jornalista do Guardian, e Waj\u00e3 Xipai, jornalista ind\u00edgena do Suma\u00fama. Na vers\u00e3o da entrevista publicada em portugu\u00eas, no <a href=\"https:\/\/sumauma.com\/secretario-geral-onu-antonio-guterres-vozes-indigenas-inspirar-mundo-evitar-catastrofe-climatica\/\" target=\"_blank\" rel=\"nofollow noopener\">Suma\u00fama<\/a>, o destaque \u00e9 dado \u00e0s afirma\u00e7\u00f5es de Guterres sobre o papel dos povos ind\u00edgenas na luta contra o aquecimento global: sem eles, n\u00e3o se consegue evitar a cat\u00e1strofe clim\u00e1tica, afirmou o secret\u00e1rio-geral da ONU.<\/p>\n<p>\u201c\u00c9 indispens\u00e1vel que se ganhe uma consci\u00eancia mundial de que as comunidades ind\u00edgenas s\u00e3o as nossas defensoras da Natureza, as nossas defensoras do planeta. E que as \u00e1reas que controlam s\u00e3o as \u00e1reas em que mais se garante a biodiversidade e tamb\u00e9m a absor\u00e7\u00e3o do CO2\u201d, defende Guterres.<\/p>\n","protected":false},"excerpt":{"rendered":"A prioridade na confer\u00eancia do clima, a COP30, que se realiza em Novembro em Bel\u00e9m, no Brasil, \u00e9&hellip;\n","protected":false},"author":2,"featured_media":131031,"comment_status":"","ping_status":"","sticky":false,"template":"","format":"standard","meta":{"footnotes":""},"categories":[50],"tags":[2335,5465,785,27,28,2271,6391,15,16,14,25,26,21,22,62,911,12,13,19,20,23,24,17,18,29,30,31,63,64,65],"class_list":{"0":"post-131030","1":"post","2":"type-post","3":"status-publish","4":"format-standard","5":"has-post-thumbnail","7":"category-mundo","8":"tag-alteracoes-climaticas","9":"tag-antonio-guterres","10":"tag-azul","11":"tag-breaking-news","12":"tag-breakingnews","13":"tag-clima","14":"tag-cop30","15":"tag-featured-news","16":"tag-featurednews","17":"tag-headlines","18":"tag-latest-news","19":"tag-latestnews","20":"tag-main-news","21":"tag-mainnews","22":"tag-mundo","23":"tag-nacoes-unidas","24":"tag-news","25":"tag-noticias","26":"tag-noticias-principais","27":"tag-noticiasprincipais","28":"tag-principais-noticias","29":"tag-principaisnoticias","30":"tag-top-stories","31":"tag-topstories","32":"tag-ultimas","33":"tag-ultimas-noticias","34":"tag-ultimasnoticias","35":"tag-world","36":"tag-world-news","37":"tag-worldnews"},"share_on_mastodon":{"url":"https:\/\/pubeurope.com\/@pt\/115457131976924156","error":""},"_links":{"self":[{"href":"https:\/\/www.europesays.com\/pt\/wp-json\/wp\/v2\/posts\/131030","targetHints":{"allow":["GET"]}}],"collection":[{"href":"https:\/\/www.europesays.com\/pt\/wp-json\/wp\/v2\/posts"}],"about":[{"href":"https:\/\/www.europesays.com\/pt\/wp-json\/wp\/v2\/types\/post"}],"author":[{"embeddable":true,"href":"https:\/\/www.europesays.com\/pt\/wp-json\/wp\/v2\/users\/2"}],"replies":[{"embeddable":true,"href":"https:\/\/www.europesays.com\/pt\/wp-json\/wp\/v2\/comments?post=131030"}],"version-history":[{"count":0,"href":"https:\/\/www.europesays.com\/pt\/wp-json\/wp\/v2\/posts\/131030\/revisions"}],"wp:featuredmedia":[{"embeddable":true,"href":"https:\/\/www.europesays.com\/pt\/wp-json\/wp\/v2\/media\/131031"}],"wp:attachment":[{"href":"https:\/\/www.europesays.com\/pt\/wp-json\/wp\/v2\/media?parent=131030"}],"wp:term":[{"taxonomy":"category","embeddable":true,"href":"https:\/\/www.europesays.com\/pt\/wp-json\/wp\/v2\/categories?post=131030"},{"taxonomy":"post_tag","embeddable":true,"href":"https:\/\/www.europesays.com\/pt\/wp-json\/wp\/v2\/tags?post=131030"}],"curies":[{"name":"wp","href":"https:\/\/api.w.org\/{rel}","templated":true}]}}