{"id":131032,"date":"2025-10-29T11:08:08","date_gmt":"2025-10-29T11:08:08","guid":{"rendered":"https:\/\/www.europesays.com\/pt\/131032\/"},"modified":"2025-10-29T11:08:08","modified_gmt":"2025-10-29T11:08:08","slug":"secret-story-voz-lanca-desafio-bombastico-a-pedro-jorge-e-sanciona-o-concorrente","status":"publish","type":"post","link":"https:\/\/www.europesays.com\/pt\/131032\/","title":{"rendered":"&#8220;Secret Story&#8221;: Voz lan\u00e7a desafio bomb\u00e1stico a Pedro Jorge&#8230; e sanciona o concorrente!"},"content":{"rendered":"<p>A Voz aproveitou uma afirma\u00e7\u00e3o de <a href=\"https:\/\/selfie.iol.pt\/famosos\/casa-dos-segredos-9\/secret-story-pedro-jorge-esta-longe-de-imaginar-mas-acaba-de-atingir-grande-marca-acreditam-nele\/20251024\/68fba954d34ee0c2fed1a4ea\" target=\"_blank\" rel=\"nofollow noopener\">Pedro Jorge<\/a>, numa discuss\u00e3o com Marisa Pires, para lan\u00e7ar um desafio ao concorrente da nona edi\u00e7\u00e3o de &#8220;Secret Story &#8211; Casa dos Segredos&#8221;.<\/p>\n<p>Na emiss\u00e3o especial desta ter\u00e7a-feira, dia 28, do reality show da <a href=\"https:\/\/tvi.iol.pt\/\" target=\"_blank\" rel=\"nofollow noopener\">TVI<\/a>, Cristina Ferreira conversou com o jovem no confession\u00e1rio e foi a\u00ed que o soberano o surpreendeu: &#8220;O Pedro disse que estava disposto a abdicar de todo o seu dinheiro para levar a Liliana [Oliveira] a almo\u00e7ar. Como estamos num jogo, eu j\u00e1 fiz a encomenda da refei\u00e7\u00e3o. Agora, diga-me: quanto \u00e9 que est\u00e1, afinal, disposto a pagar por um almo\u00e7o com a liliana? Vai provocar rea\u00e7\u00f5es, disso n\u00e3o h\u00e1 d\u00favidas.&#8221;<\/p>\n<p>Ap\u00f3s uma negocia\u00e7\u00e3o, Pedro Jorge aceitou ficar sem 800 euros. Mas, nesse momento, o participante de &#8220;Secret Story &#8211; Casa dos Segredos&#8221; estava longe de imaginar que ia ficar com ainda menos dinheiro da respetiva conta.<\/p>\n<p>O morador da casa mais vigiada do Pa\u00eds foi confrontado com imagens em que, nessa mesma conversa com <a href=\"https:\/\/selfie.iol.pt\/famosos\/casa-dos-segredos-9\/fora-de-secret-story-marisa-soma-nova-conquista-e-familia-reage-nao-e-sorte\/20251023\/68fa46c0d34e58bc67973ba1\" target=\"_blank\" rel=\"nofollow noopener\">Marisa Pires<\/a>, revela que, na primeira semana da competi\u00e7\u00e3o, tinha a miss\u00e3o de fingir estar interessado em Ana Batista. Terminado o visionamento dessa declara\u00e7\u00e3o, Pedro Jorge foi sancionado pela Voz.<\/p>\n<p>&#8220;O Pedro anda claramente a praticar o desapego ao dinheiro. As regras s\u00e3o claras: as miss\u00f5es secretas s\u00e3o secretas at\u00e9 ao fim. E, na verdade, todas as a\u00e7\u00f5es t\u00eam consequ\u00eancias. Decidiu desvendar que tinha estado em miss\u00e3o, por isso, 1500 euros ser\u00e3o retirados da sua conta&#8221;, anunciou o dono da mans\u00e3o da Malveira.<\/p>\n<p>Veja, agora, os v\u00eddeos do referido momento em &#8220;<a href=\"https:\/\/tvi.iol.pt\/secretstory\/\" target=\"_blank\" rel=\"nofollow noopener\">Secret Story<\/a> &#8211; Casa dos Segredos&#8221;.<\/p>\n","protected":false},"excerpt":{"rendered":"A Voz aproveitou uma afirma\u00e7\u00e3o de Pedro Jorge, numa discuss\u00e3o com Marisa Pires, para lan\u00e7ar um desafio ao&hellip;\n","protected":false},"author":2,"featured_media":131033,"comment_status":"","ping_status":"","sticky":false,"template":"","format":"standard","meta":{"footnotes":""},"categories":[145],"tags":[6340,26382,2632,13471,211,210,6338,328,166,114,115,980,19184,21766,619,14646,21416,32,33,1014,1315,6985,16687,16686,1012,6986,16688,162,3859],"class_list":{"0":"post-131032","1":"post","2":"type-post","3":"status-publish","4":"format-standard","5":"has-post-thumbnail","7":"category-celebridades","8":"tag-ana","9":"tag-ana-batista","10":"tag-casa-dos-segredos","11":"tag-casa-dos-segredos-9","12":"tag-celebridades","13":"tag-celebrities","14":"tag-concorrente","15":"tag-concorrentes","16":"tag-cristina-ferreira","17":"tag-entertainment","18":"tag-entretenimento","19":"tag-famosos","20":"tag-marisa","21":"tag-marisa-pires","22":"tag-nacional","23":"tag-pedro","24":"tag-pedro-jorge","25":"tag-portugal","26":"tag-pt","27":"tag-reality-show","28":"tag-secret-story","29":"tag-secret-story-casa-dos-segredos","30":"tag-secret-story-casa-dos-segredos-9","31":"tag-secret-story-9","32":"tag-selfie","33":"tag-ss","34":"tag-ss9","35":"tag-tvi","36":"tag-voz"},"share_on_mastodon":{"url":"https:\/\/pubeurope.com\/@pt\/115457143809958832","error":""},"_links":{"self":[{"href":"https:\/\/www.europesays.com\/pt\/wp-json\/wp\/v2\/posts\/131032","targetHints":{"allow":["GET"]}}],"collection":[{"href":"https:\/\/www.europesays.com\/pt\/wp-json\/wp\/v2\/posts"}],"about":[{"href":"https:\/\/www.europesays.com\/pt\/wp-json\/wp\/v2\/types\/post"}],"author":[{"embeddable":true,"href":"https:\/\/www.europesays.com\/pt\/wp-json\/wp\/v2\/users\/2"}],"replies":[{"embeddable":true,"href":"https:\/\/www.europesays.com\/pt\/wp-json\/wp\/v2\/comments?post=131032"}],"version-history":[{"count":0,"href":"https:\/\/www.europesays.com\/pt\/wp-json\/wp\/v2\/posts\/131032\/revisions"}],"wp:featuredmedia":[{"embeddable":true,"href":"https:\/\/www.europesays.com\/pt\/wp-json\/wp\/v2\/media\/131033"}],"wp:attachment":[{"href":"https:\/\/www.europesays.com\/pt\/wp-json\/wp\/v2\/media?parent=131032"}],"wp:term":[{"taxonomy":"category","embeddable":true,"href":"https:\/\/www.europesays.com\/pt\/wp-json\/wp\/v2\/categories?post=131032"},{"taxonomy":"post_tag","embeddable":true,"href":"https:\/\/www.europesays.com\/pt\/wp-json\/wp\/v2\/tags?post=131032"}],"curies":[{"name":"wp","href":"https:\/\/api.w.org\/{rel}","templated":true}]}}