{"id":131034,"date":"2025-10-29T11:11:07","date_gmt":"2025-10-29T11:11:07","guid":{"rendered":"https:\/\/www.europesays.com\/pt\/131034\/"},"modified":"2025-10-29T11:11:07","modified_gmt":"2025-10-29T11:11:07","slug":"o-braco-esta-arranhado-liliana-repara-em-marisa-susana-apos-caos-protagonizado-com-bruno-secret-story","status":"publish","type":"post","link":"https:\/\/www.europesays.com\/pt\/131034\/","title":{"rendered":"\u00abO bra\u00e7o est\u00e1 arranhado\u00bb: Liliana repara em Marisa Susana ap\u00f3s caos protagonizado com Bruno &#8211; Secret Story"},"content":{"rendered":"<p>No Extra do Secret Story 9, <a href=\"https:\/\/tvi.iol.pt\/secretstory\/videos\/o-momento-da-farinha-que-todos-falam-bruno-e-marisa-susana-envolvem-se-num-confronto-aceso\/6901dec10cf29d28d829a0c3\" rel=\"nofollow noopener\" target=\"_blank\">assistimos \u00e0s imagens na \u00edntegra de um momento in\u00e9dito e tenso entre Bruno Sim\u00e3o e Marisa Susana.<\/a> Marisa Susana e Bruno entram em confronto por causa de uma ta\u00e7a de farinha. Em causa est\u00e1 uma ta\u00e7a com farinha que Marisa Susana queria usar para fazer p\u00e3o, mas Bruno n\u00e3o deixou porque alega que a farinha \u00e9 do seu grupo. O clima est\u00e1 quente!\u00a0<a href=\"https:\/\/tvi.iol.pt\/secretstory\/videos\/a-farinha-no-centro-da-polemica-apos-confronto-intenso-com-bruno-marisa-susana-acaba-em-lagrimas\/6901e26b0cf29d28d829a0cd\" rel=\"nofollow noopener\" target=\"_blank\">Ap\u00f3s esse momento carregado de tens\u00e3o, Marisa Susana acaba em l\u00e1grimas e \u00e9 reconfortada pelos amigos.<\/a>\u00a0No quarto azul, Liliana repara no bra\u00e7o de Marisa Susana e faz um coment\u00e1rio.\u00a0<\/p>\n<p><strong>H\u00e1 seis concorrentes em risco de expuls\u00e3o no pr\u00f3ximo domingo:<\/strong><\/p>\n<p>ANA \u2013 761 20 20 01<br \/>BRUNO \u2013 761 20 20 04<br \/>MARIANA \u2013 761 20 20 15<br \/>MARISA \u2013 761 20 20 16<br \/>MARISA SUSANA \u2013 761 20 20 17<br \/>PEDRO \u2013 761 20 20 18<\/p>\n<p><a href=\"https:\/\/tvi.iol.pt\/secretstory\/aominuto\" rel=\"nofollow noopener\" target=\"_blank\">Acompanhe aqui tudo o que se passa na casa ao minuto!<\/a><\/p>\n","protected":false},"excerpt":{"rendered":"No Extra do Secret Story 9, assistimos \u00e0s imagens na \u00edntegra de um momento in\u00e9dito e tenso entre&hellip;\n","protected":false},"author":2,"featured_media":131035,"comment_status":"","ping_status":"","sticky":false,"template":"","format":"standard","meta":{"footnotes":""},"categories":[142],"tags":[114,115,19033,19034,32,33,151,19032],"class_list":{"0":"post-131034","1":"post","2":"type-post","3":"status-publish","4":"format-standard","5":"has-post-thumbnail","7":"category-tv","8":"tag-entertainment","9":"tag-entretenimento","10":"tag-galas-em-video","11":"tag-melhores-momentos-casa-dos-segredos","12":"tag-portugal","13":"tag-pt","14":"tag-tv","15":"tag-videos-secret-story-tvi"},"share_on_mastodon":{"url":"https:\/\/pubeurope.com\/@pt\/115457155596312809","error":""},"_links":{"self":[{"href":"https:\/\/www.europesays.com\/pt\/wp-json\/wp\/v2\/posts\/131034","targetHints":{"allow":["GET"]}}],"collection":[{"href":"https:\/\/www.europesays.com\/pt\/wp-json\/wp\/v2\/posts"}],"about":[{"href":"https:\/\/www.europesays.com\/pt\/wp-json\/wp\/v2\/types\/post"}],"author":[{"embeddable":true,"href":"https:\/\/www.europesays.com\/pt\/wp-json\/wp\/v2\/users\/2"}],"replies":[{"embeddable":true,"href":"https:\/\/www.europesays.com\/pt\/wp-json\/wp\/v2\/comments?post=131034"}],"version-history":[{"count":0,"href":"https:\/\/www.europesays.com\/pt\/wp-json\/wp\/v2\/posts\/131034\/revisions"}],"wp:featuredmedia":[{"embeddable":true,"href":"https:\/\/www.europesays.com\/pt\/wp-json\/wp\/v2\/media\/131035"}],"wp:attachment":[{"href":"https:\/\/www.europesays.com\/pt\/wp-json\/wp\/v2\/media?parent=131034"}],"wp:term":[{"taxonomy":"category","embeddable":true,"href":"https:\/\/www.europesays.com\/pt\/wp-json\/wp\/v2\/categories?post=131034"},{"taxonomy":"post_tag","embeddable":true,"href":"https:\/\/www.europesays.com\/pt\/wp-json\/wp\/v2\/tags?post=131034"}],"curies":[{"name":"wp","href":"https:\/\/api.w.org\/{rel}","templated":true}]}}