{"id":131036,"date":"2025-10-29T11:14:10","date_gmt":"2025-10-29T11:14:10","guid":{"rendered":"https:\/\/www.europesays.com\/pt\/131036\/"},"modified":"2025-10-29T11:14:10","modified_gmt":"2025-10-29T11:14:10","slug":"video-sudakov-aperfeicoa-livres-com-um-professor-especial","status":"publish","type":"post","link":"https:\/\/www.europesays.com\/pt\/131036\/","title":{"rendered":"V\u00cdDEO: Sudakov aperfei\u00e7oa livres com um professor especial"},"content":{"rendered":"<p>Heorhii Sudakov teve trabalho suplementar no treino do Benfica. O m\u00e9dio internacional ucraniano esteve a treinar a cobran\u00e7a de livres diretos e contou com uma ajuda preciosa.<\/p>\n<p>Sim\u00e3o Sabrosa, diretor t\u00e9cnico das \u00e1guias e presen\u00e7a ass\u00eddua nos treinos da equipa de Jos\u00e9 Mourinho, ajudou Sudakov e, certamente, deu-lhe algumas dicas, ou n\u00e3o tivesse sido ele um ex\u00edmio batedor de livres.<\/p>\n<p>Sudakov partilhou o momento nas redes sociais: \u00abA pr\u00e1tica leva \u00e0 perfei\u00e7\u00e3o\u00bb, escreveu.<\/p>\n","protected":false},"excerpt":{"rendered":"Heorhii Sudakov teve trabalho suplementar no treino do Benfica. O m\u00e9dio internacional ucraniano esteve a treinar a cobran\u00e7a&hellip;\n","protected":false},"author":2,"featured_media":131037,"comment_status":"","ping_status":"","sticky":false,"template":"","format":"standard","meta":{"footnotes":""},"categories":[87],"tags":[51,135,46,32,33,47,29745,21051,134,13660],"class_list":{"0":"post-131036","1":"post","2":"type-post","3":"status-publish","4":"format-standard","5":"has-post-thumbnail","7":"category-desporto","8":"tag-benfica","9":"tag-desporto","10":"tag-maisfutebol","11":"tag-portugal","12":"tag-pt","13":"tag-pura-paixao","14":"tag-simao","15":"tag-simao-sabrosa","16":"tag-sports","17":"tag-sudakov"},"share_on_mastodon":{"url":"https:\/\/pubeurope.com\/@pt\/115457167657851993","error":""},"_links":{"self":[{"href":"https:\/\/www.europesays.com\/pt\/wp-json\/wp\/v2\/posts\/131036","targetHints":{"allow":["GET"]}}],"collection":[{"href":"https:\/\/www.europesays.com\/pt\/wp-json\/wp\/v2\/posts"}],"about":[{"href":"https:\/\/www.europesays.com\/pt\/wp-json\/wp\/v2\/types\/post"}],"author":[{"embeddable":true,"href":"https:\/\/www.europesays.com\/pt\/wp-json\/wp\/v2\/users\/2"}],"replies":[{"embeddable":true,"href":"https:\/\/www.europesays.com\/pt\/wp-json\/wp\/v2\/comments?post=131036"}],"version-history":[{"count":0,"href":"https:\/\/www.europesays.com\/pt\/wp-json\/wp\/v2\/posts\/131036\/revisions"}],"wp:featuredmedia":[{"embeddable":true,"href":"https:\/\/www.europesays.com\/pt\/wp-json\/wp\/v2\/media\/131037"}],"wp:attachment":[{"href":"https:\/\/www.europesays.com\/pt\/wp-json\/wp\/v2\/media?parent=131036"}],"wp:term":[{"taxonomy":"category","embeddable":true,"href":"https:\/\/www.europesays.com\/pt\/wp-json\/wp\/v2\/categories?post=131036"},{"taxonomy":"post_tag","embeddable":true,"href":"https:\/\/www.europesays.com\/pt\/wp-json\/wp\/v2\/tags?post=131036"}],"curies":[{"name":"wp","href":"https:\/\/api.w.org\/{rel}","templated":true}]}}