{"id":131048,"date":"2025-10-29T11:22:14","date_gmt":"2025-10-29T11:22:14","guid":{"rendered":"https:\/\/www.europesays.com\/pt\/131048\/"},"modified":"2025-10-29T11:22:14","modified_gmt":"2025-10-29T11:22:14","slug":"na-reta-final-da-gravidez-camila-queiroz-brilha-em-desfile-celebridades","status":"publish","type":"post","link":"https:\/\/www.europesays.com\/pt\/131048\/","title":{"rendered":"Na reta final da gravidez, Camila Queiroz brilha em desfile | Celebridades"},"content":{"rendered":"\n<p>Rio &#8211; Na reta final da gravidez, Camila Queiroz, de 32 anos, brilhou no desfile de uma marca de grife em S\u00e3o Paulo, nesta segunda-feira (27). Com o barrig\u00e3o \u00e0 mostra, a atriz e modelo atravessou a passarela esbanjando beleza.<\/p>\n<p>A artista usou dois looks: o primeiro foi composto por um vestido todo aberto na parte da frente, complementado por um top. J\u00e1 o \u00faltimo foi um vestido longo preto e com leve transpar\u00eancia, com aplica\u00e7\u00f5es em formato de estrela. Camila, ainda, posou na passarela com as m\u00e3os na barriga, de cerca de 8 meses de gesta\u00e7\u00e3o.<\/p>\n<p><a href=\"https:\/\/odia.ig.com.br\/diversao\/celebridades\/2025\/10\/7152978-gravida-camila-queiroz-muda-a-cor-do-cabelo-amei.html\" rel=\"nofollow noopener\" target=\"_blank\">Ela desfilou exibindo o novo visual, j\u00e1 que no mesmo dia, mudou a cor do cabelo<\/a>. A atriz abandonou os fios mais claros e surgiu morena.\u00a0A modelo recebeu autoriza\u00e7\u00e3o m\u00e9dica para pintar as madeixas.\u00a0<\/p>\n<p>Nos bastidores, ela foi clicada juntinha e sorridente com o marido, o ator Klebber Toledo. Eles est\u00e3o \u00e0 espera da primeira filha. Discretos, ainda n\u00e3o revelaram o nome. No s\u00e1bado (25), receberam amigos e familiares para o ch\u00e1 de beb\u00ea.\u00a0<\/p>\n<p>Eles anunciaram a gravidez em julho deste ano. &#8220;H\u00e1 cinco meses esperando o amor da nossa vida&#8221;. Camila e Klebber iniciaram o relacionamento em 2016 e subiram ao altar dois anos depois, em uma cerim\u00f4nia \u00e0 beira-mar em Jericoacoara, no Cear\u00e1.<\/p>\n","protected":false},"excerpt":{"rendered":"Rio &#8211; Na reta final da gravidez, Camila Queiroz, de 32 anos, brilhou no desfile de uma marca&hellip;\n","protected":false},"author":2,"featured_media":131049,"comment_status":"","ping_status":"","sticky":false,"template":"","format":"standard","meta":{"footnotes":""},"categories":[145],"tags":[813,11700,211,210,23111,114,115,3002,2212,2611,1041,17744,32,33,29747],"class_list":{"0":"post-131048","1":"post","2":"type-post","3":"status-publish","4":"format-standard","5":"has-post-thumbnail","7":"category-celebridades","8":"tag-atriz","9":"tag-camila-queiroz","10":"tag-celebridades","11":"tag-celebrities","12":"tag-desfile","13":"tag-entertainment","14":"tag-entretenimento","15":"tag-galeria","16":"tag-gestacao","17":"tag-gravida","18":"tag-gravidez","19":"tag-modelo","20":"tag-portugal","21":"tag-pt","22":"tag-reta-final-da-gravidez"},"share_on_mastodon":{"url":"https:\/\/pubeurope.com\/@pt\/115457198878267905","error":""},"_links":{"self":[{"href":"https:\/\/www.europesays.com\/pt\/wp-json\/wp\/v2\/posts\/131048","targetHints":{"allow":["GET"]}}],"collection":[{"href":"https:\/\/www.europesays.com\/pt\/wp-json\/wp\/v2\/posts"}],"about":[{"href":"https:\/\/www.europesays.com\/pt\/wp-json\/wp\/v2\/types\/post"}],"author":[{"embeddable":true,"href":"https:\/\/www.europesays.com\/pt\/wp-json\/wp\/v2\/users\/2"}],"replies":[{"embeddable":true,"href":"https:\/\/www.europesays.com\/pt\/wp-json\/wp\/v2\/comments?post=131048"}],"version-history":[{"count":0,"href":"https:\/\/www.europesays.com\/pt\/wp-json\/wp\/v2\/posts\/131048\/revisions"}],"wp:featuredmedia":[{"embeddable":true,"href":"https:\/\/www.europesays.com\/pt\/wp-json\/wp\/v2\/media\/131049"}],"wp:attachment":[{"href":"https:\/\/www.europesays.com\/pt\/wp-json\/wp\/v2\/media?parent=131048"}],"wp:term":[{"taxonomy":"category","embeddable":true,"href":"https:\/\/www.europesays.com\/pt\/wp-json\/wp\/v2\/categories?post=131048"},{"taxonomy":"post_tag","embeddable":true,"href":"https:\/\/www.europesays.com\/pt\/wp-json\/wp\/v2\/tags?post=131048"}],"curies":[{"name":"wp","href":"https:\/\/api.w.org\/{rel}","templated":true}]}}