{"id":131054,"date":"2025-10-29T11:30:12","date_gmt":"2025-10-29T11:30:12","guid":{"rendered":"https:\/\/www.europesays.com\/pt\/131054\/"},"modified":"2025-10-29T11:30:12","modified_gmt":"2025-10-29T11:30:12","slug":"cientistas-encontram-coronavirus-em-morcego-brasileiro-e-ampliam-mapa-global-de-riscos-brasil","status":"publish","type":"post","link":"https:\/\/www.europesays.com\/pt\/131054\/","title":{"rendered":"Cientistas encontram coronav\u00edrus em morcego brasileiro e ampliam mapa global de riscos | Brasil"},"content":{"rendered":"\n<p class=\" content-text__container theme-color-primary-first-letter\" data-track-category=\"Link no Texto\" data-track-links=\"\"> Um <strong>coronav\u00edrus<\/strong> com uma caracter\u00edstica gen\u00e9tica encontrada nos <strong>v\u00edrus<\/strong> que causam a <strong>Covid-19<\/strong> e a <strong>MERS<\/strong> foi descoberto em <strong>morcegos no Brasil<\/strong>, ampliando o alcance global conhecido de v\u00edrus transmitidos por morcegos capazes de infectar outras esp\u00e9cies. <\/p>\n<p class=\" content-text__container \" data-track-category=\"Link no Texto\" data-track-links=\"\"> O v\u00edrus, denominado <strong>BRZ batCoV<\/strong>, foi detectado em <strong>Pteronotus parnellii <\/strong>\u2014 um pequeno morcego inset\u00edvoro, tamb\u00e9m conhecido como <strong>morcego bigodudo de Parnell<\/strong>, comum na Am\u00e9rica Latina. As amostras foram coletadas nos estados do Maranh\u00e3o e S\u00e3o Paulo. <\/p>\n<p class=\" content-text__container \" data-track-category=\"Link no Texto\" data-track-links=\"\"> O estudo, divulgado na segunda-feira como um preprint antes da revis\u00e3o por pares e publica\u00e7\u00e3o, mostra que o v\u00edrus pertence \u00e0 fam\u00edlia dos betacoronav\u00edrus, que inclui o SARS-CoV-2, o MERS-CoV e o v\u00edrus SARS original. <\/p>\n<p>         <img decoding=\"async\" class=\"content-media__image\"  src=\"https:\/\/www.europesays.com\/pt\/wp-content\/uploads\/2025\/10\/pteronotus-parnellii.jpg\" alt=\"Morcego bigodudo de Parnell (Pteronotus parnellii) \u2014 Foto: Wikimedia Commons\" width=\"640\" height=\"426\" loading=\"lazy\"\/>  Morcego bigodudo de Parnell (Pteronotus parnellii) \u2014 Foto: Wikimedia Commons       <\/p>\n<p class=\" content-text__container \" data-track-category=\"Link no Texto\" data-track-links=\"\"> O sequenciamento gen\u00e9tico revelou um pequeno trecho da prote\u00edna spike do v\u00edrus que pode ser quebrado por enzimas em c\u00e9lulas animais e humanas \u2014 uma caracter\u00edstica que ajuda alguns coronav\u00edrus a entrarem nessas c\u00e9lulas com mais facilidade. <\/p>\n<p class=\" content-text__container \" data-track-category=\"Link no Texto\" data-track-links=\"\"> Essa caracter\u00edstica n\u00e3o havia sido relatada anteriormente em coronav\u00edrus de morcegos das Am\u00e9ricas, sugerindo que elas podem ter evolu\u00eddo independentemente em popula\u00e7\u00f5es de morcegos sul-americanos. <\/p>\n<p class=\" content-text__container \" data-track-category=\"Link no Texto\" data-track-links=\"\"> A descoberta \u00e9 not\u00e1vel porque essa caracter\u00edstica na prote\u00edna spike do SARS-CoV-2 tornou-se alvo de controv\u00e9rsia durante a pandemia, quando alguns alegaram ser evid\u00eancia de manipula\u00e7\u00e3o em laborat\u00f3rio. <\/p>\n<p class=\" content-text__container \" data-track-category=\"Link no Texto\" data-track-links=\"\"> Pesquisas subsequentes mostraram que essas caracter\u00edsticas ocorrem naturalmente em v\u00e1rios outros coronav\u00edrus \u2014 incluindo esta cepa brasileira rec\u00e9m-descoberta \u2014, indicando que elas podem surgir por meio da evolu\u00e7\u00e3o viral comum. <\/p>\n<p class=\" content-text__container \" data-track-category=\"Link no Texto\" data-track-links=\"\"> A pesquisa, liderada por Kosuke Takada e Tokiko Watanabe, da Universidade de Osaka, com colaboradores da Universidade de S\u00e3o Paulo, da Universidade de Madison-Wisconsin e de outros laborat\u00f3rios internacionais, descobriu que o v\u00edrus \u00e9 relacionado a coronav\u00edrus semelhantes ao MERS, mas suficientemente distinto para formar sua pr\u00f3pria linhagem. <\/p>\n<p class=\" content-text__container \" data-track-category=\"Link no Texto\" data-track-links=\"\"> V\u00edrus relacionados foram identificados em morcegos na \u00c1sia, \u00c1frica e Oriente M\u00e9dio, mas n\u00e3o no Hemisf\u00e9rio Ocidental at\u00e9 agora. <\/p>\n<p class=\" content-text__container \" data-track-category=\"Link no Texto\" data-track-links=\"\"> N\u00e3o h\u00e1 evid\u00eancias de que o v\u00edrus rec\u00e9m-descoberto infecte humanos. A descoberta ressalta a import\u00e2ncia de programas de vigil\u00e2ncia da vida selvagem que rastreiam a diversidade de coronav\u00edrus antes que eles tenham a chance de infectar humanos. <\/p>\n","protected":false},"excerpt":{"rendered":"Um coronav\u00edrus com uma caracter\u00edstica gen\u00e9tica encontrada nos v\u00edrus que causam a Covid-19 e a MERS foi descoberto&hellip;\n","protected":false},"author":2,"featured_media":131055,"comment_status":"","ping_status":"","sticky":false,"template":"","format":"standard","meta":{"footnotes":""},"categories":[86],"tags":[1028,726,29750,3913,29748,116,32,33,117,29749],"class_list":{"0":"post-131054","1":"post","2":"type-post","3":"status-publish","4":"format-standard","5":"has-post-thumbnail","7":"category-saude","8":"tag-america-latina","9":"tag-brasil","10":"tag-brz-investimentos","11":"tag-coronavirus","12":"tag-covid-19-novo-coronavirus","13":"tag-health","14":"tag-portugal","15":"tag-pt","16":"tag-saude","17":"tag-sequenciamento-genetico"},"share_on_mastodon":{"url":"https:\/\/pubeurope.com\/@pt\/115457230443760440","error":""},"_links":{"self":[{"href":"https:\/\/www.europesays.com\/pt\/wp-json\/wp\/v2\/posts\/131054","targetHints":{"allow":["GET"]}}],"collection":[{"href":"https:\/\/www.europesays.com\/pt\/wp-json\/wp\/v2\/posts"}],"about":[{"href":"https:\/\/www.europesays.com\/pt\/wp-json\/wp\/v2\/types\/post"}],"author":[{"embeddable":true,"href":"https:\/\/www.europesays.com\/pt\/wp-json\/wp\/v2\/users\/2"}],"replies":[{"embeddable":true,"href":"https:\/\/www.europesays.com\/pt\/wp-json\/wp\/v2\/comments?post=131054"}],"version-history":[{"count":0,"href":"https:\/\/www.europesays.com\/pt\/wp-json\/wp\/v2\/posts\/131054\/revisions"}],"wp:featuredmedia":[{"embeddable":true,"href":"https:\/\/www.europesays.com\/pt\/wp-json\/wp\/v2\/media\/131055"}],"wp:attachment":[{"href":"https:\/\/www.europesays.com\/pt\/wp-json\/wp\/v2\/media?parent=131054"}],"wp:term":[{"taxonomy":"category","embeddable":true,"href":"https:\/\/www.europesays.com\/pt\/wp-json\/wp\/v2\/categories?post=131054"},{"taxonomy":"post_tag","embeddable":true,"href":"https:\/\/www.europesays.com\/pt\/wp-json\/wp\/v2\/tags?post=131054"}],"curies":[{"name":"wp","href":"https:\/\/api.w.org\/{rel}","templated":true}]}}