{"id":131060,"date":"2025-10-29T11:34:16","date_gmt":"2025-10-29T11:34:16","guid":{"rendered":"https:\/\/www.europesays.com\/pt\/131060\/"},"modified":"2025-10-29T11:34:16","modified_gmt":"2025-10-29T11:34:16","slug":"novos-ataques-dos-eua-nas-caraibas-matam-14-alegados-traficantes-de-droga-eua","status":"publish","type":"post","link":"https:\/\/www.europesays.com\/pt\/131060\/","title":{"rendered":"Novos ataques dos EUA nas Cara\u00edbas matam 14 alegados traficantes de droga | EUA"},"content":{"rendered":"<p>Uma s\u00e9rie de ataques dos Estados Unidos contra embarca\u00e7\u00f5es suspeitas de tr\u00e1fico de droga no Pac\u00edfico Oriental matou 14 alegados traficantes de droga e deixou um sobrevivente, disse esta ter\u00e7a-feira o secret\u00e1rio da Defesa, Pete Hegseth. \u00c9 a mais recente opera\u00e7\u00e3o da <a href=\"https:\/\/www.publico.pt\/2025\/10\/24\/mundo\/noticia\/trump-sobe-tom-navios-guerra-narcotrafico-fazse-terra-2152013\" rel=\"nofollow noopener\" target=\"_blank\">campanha de combate \u00e0 droga<\/a> do Presidente Donald Trump.<\/p>\n<p>Os ataques no Pac\u00edfico t\u00eam como pano de fundo a ac\u00e7\u00e3o militar antidroga dos EUA nas Cara\u00edbas, que inclui m\u00edsseis teleguiados, avi\u00f5es de combate F-35, um submarino nuclear e milhares de tropas. A Administra\u00e7\u00e3o Trump enviou o <a href=\"https:\/\/www.publico.pt\/2025\/10\/24\/mundo\/noticia\/eua-enviam-maior-portaavioes-mundo-america-sul-2152116\" rel=\"nofollow noopener\" target=\"_blank\">porta-avi\u00f5es Gerald R. Ford<\/a> para a Am\u00e9rica Latina, onde \u00e9 esperado nas pr\u00f3ximas semanas.<\/p>\n<p>Numa publica\u00e7\u00e3o nas redes sociais, Hegseth afirmou que as autoridades mexicanas assumiram a opera\u00e7\u00e3o de busca e salvamento do \u00fanico sobrevivente dos quatro ataques norte-americanos documentados que tiveram lugar nesta segunda-feira.<\/p>\n<p>&#8220;Os barcos eram conhecidos dos nossos servi\u00e7os secretos, estavam a transitar por rotas conhecidas de tr\u00e1fico de droga e a transportar narc\u00f3ticos&#8221;, disse o Secret\u00e1rio da Defesa, sem apresentar provas.<\/p>\n<p>EUA n\u00e3o revelam detalhes<\/p>\n<p>Hegseth publicou um <a href=\"https:\/\/x.com\/SecWar\/status\/1983164355999883548\" target=\"_blank\" rel=\"nofollow\">v\u00eddeo de cerca de 30 segundos<\/a>, que mostra dois navios estacion\u00e1rios, lado a lado, antes de explodirem. Outra parte do v\u00eddeo mostra outras duas embarca\u00e7\u00f5es em movimento antes de explodir.<\/p>\n<p>As autoridades mexicanas n\u00e3o responderam de imediato a um pedido para coment\u00e1rio.<\/p>\n<p>        &#13;<\/p>\n<blockquote class=\"twitter-tweet\">\n<p lang=\"en\" dir=\"ltr\">Yesterday, at the direction of President Trump, the Department of War carried out three lethal kinetic strikes on four vessels operated by Designated Terrorist Organizations (DTO) trafficking narcotics in the Eastern Pacific.<\/p>\n<p>The four vessels were known by our intelligence\u2026 <a href=\"https:\/\/t.co\/UhoFlZ3jPG\" rel=\"nofollow\">pic.twitter.com\/UhoFlZ3jPG<\/a><\/p>\n<p>\u2014 Secretary of War Pete Hegseth (@SecWar) <a href=\"https:\/\/twitter.com\/SecWar\/status\/1983164355999883548?ref_src=twsrc%5Etfw\" rel=\"nofollow noopener\" target=\"_blank\">October 28, 2025<\/a><\/p><\/blockquote>\n<p> &#13;<\/p>\n<p>Os ataques seguiram-se a pelo menos uma dezena de outros nas Cara\u00edbas e Pac\u00edfico desde o in\u00edcio de Setembro, numa campanha que provocou o aumento da <a href=\"https:\/\/www.publico.pt\/2025\/10\/26\/mundo\/noticia\/lula-propoese-mediador-eua-venezuela-resolver-tensoes-2152208\" rel=\"nofollow noopener\" target=\"_blank\">tens\u00e3o entre os EUA e a Venezuela<\/a> e Col\u00f4mbia. <a href=\"https:\/\/www.publico.pt\/2025\/10\/19\/mundo\/noticia\/trump-cia-regressa-quintal-latinoamericano-2151391\" rel=\"nofollow noopener\" target=\"_blank\">Trump tamb\u00e9m autorizou a CIA<\/a> a conduzir opera\u00e7\u00f5es secretas na Venezuela.<\/p>\n<p>O Pent\u00e1gono forneceu poucas informa\u00e7\u00f5es sobre qualquer um dos ataques, incluindo a quantidade de droga que os barcos alegadamente transportavam e as identidades das pessoas mortas.<\/p>\n<p>Estes ataques alarmaram alguns congressistas democratas, que se interrogam sobre a conformidade destas ac\u00e7\u00f5es com as leis da guerra.<\/p>\n<p>Os juristas questionam a raz\u00e3o pela qual o Ex\u00e9rcito dos EUA est\u00e1 a realizar estes ataques, em vez da Guarda Costeira, que \u00e9 a principal ag\u00eancia de aplica\u00e7\u00e3o da lei mar\u00edtima dos EUA, e porque \u00e9 que outras ac\u00e7\u00f5es n\u00e3o foram tomadas para evitar a sa\u00edda dos alegados traficantes antes de se recorrer a ataques que resultam em v\u00edtimas mortais.<\/p>\n<p>A Reuters noticiou anteriormente que dois alegados traficantes de droga sobreviveram a um ataque militar dos EUA nas Cara\u00edbas no in\u00edcio deste m\u00eas. Foram <a href=\"https:\/\/www.publico.pt\/2025\/10\/17\/mundo\/noticia\/eua-realizam-sexto-ataque-aguas-caraibas-primeira-ha-sobreviventes-2151259\" rel=\"nofollow noopener\" target=\"_blank\">resgatados<\/a> e levados para um navio da Marinha dos EUA antes de serem repatriados para a Col\u00f4mbia e para o Equador.<\/p>\n<p>O Presidente da Venezuela, <a href=\"https:\/\/www.publico.pt\/2025\/10\/16\/mundo\/noticia\/ate-golpes-estado-cia-pergunta-maduro-apos-trump-sugerir-ataques-venezuela-2151095\" rel=\"nofollow noopener\" target=\"_blank\">Nicolas Maduro<\/a>, tem alegado repetidamente que o objectivo dos EUA \u00e9 afast\u00e1-lo do poder.<\/p>\n<p>Em Agosto, Washington duplicou a recompensa por informa\u00e7\u00f5es que conduzam \u00e0 deten\u00e7\u00e3o de Maduro para 50 milh\u00f5es de d\u00f3lares, acusando-o de liga\u00e7\u00f5es ao tr\u00e1fico de droga e a grupos criminosos, que Maduro nega.<\/p>\n<p>Reportagem de Idrees Ali, Phil Stewart e Brendan O&#8217;Boyle, Reuters<\/p>\n<p>            <script async src=\"https:\/\/platform.twitter.com\/widgets.js\" charset=\"utf-8\"><\/script><\/p>\n","protected":false},"excerpt":{"rendered":"Uma s\u00e9rie de ataques dos Estados Unidos contra embarca\u00e7\u00f5es suspeitas de tr\u00e1fico de droga no Pac\u00edfico Oriental matou&hellip;\n","protected":false},"author":2,"featured_media":131061,"comment_status":"","ping_status":"","sticky":false,"template":"","format":"standard","meta":{"footnotes":""},"categories":[50],"tags":[1028,27,28,9109,8292,413,15,16,14,25,26,21,22,1872,62,12,13,19,20,23,24,17,18,2953,29,30,31,3023,63,64,65],"class_list":{"0":"post-131060","1":"post","2":"type-post","3":"status-publish","4":"format-standard","5":"has-post-thumbnail","7":"category-mundo","8":"tag-america-latina","9":"tag-breaking-news","10":"tag-breakingnews","11":"tag-caraibas","12":"tag-colombia","13":"tag-eua","14":"tag-featured-news","15":"tag-featurednews","16":"tag-headlines","17":"tag-latest-news","18":"tag-latestnews","19":"tag-main-news","20":"tag-mainnews","21":"tag-mexico","22":"tag-mundo","23":"tag-news","24":"tag-noticias","25":"tag-noticias-principais","26":"tag-noticiasprincipais","27":"tag-principais-noticias","28":"tag-principaisnoticias","29":"tag-top-stories","30":"tag-topstories","31":"tag-trafico-de-droga","32":"tag-ultimas","33":"tag-ultimas-noticias","34":"tag-ultimasnoticias","35":"tag-venezuela","36":"tag-world","37":"tag-world-news","38":"tag-worldnews"},"share_on_mastodon":{"url":"https:\/\/pubeurope.com\/@pt\/115457246013000582","error":""},"_links":{"self":[{"href":"https:\/\/www.europesays.com\/pt\/wp-json\/wp\/v2\/posts\/131060","targetHints":{"allow":["GET"]}}],"collection":[{"href":"https:\/\/www.europesays.com\/pt\/wp-json\/wp\/v2\/posts"}],"about":[{"href":"https:\/\/www.europesays.com\/pt\/wp-json\/wp\/v2\/types\/post"}],"author":[{"embeddable":true,"href":"https:\/\/www.europesays.com\/pt\/wp-json\/wp\/v2\/users\/2"}],"replies":[{"embeddable":true,"href":"https:\/\/www.europesays.com\/pt\/wp-json\/wp\/v2\/comments?post=131060"}],"version-history":[{"count":0,"href":"https:\/\/www.europesays.com\/pt\/wp-json\/wp\/v2\/posts\/131060\/revisions"}],"wp:featuredmedia":[{"embeddable":true,"href":"https:\/\/www.europesays.com\/pt\/wp-json\/wp\/v2\/media\/131061"}],"wp:attachment":[{"href":"https:\/\/www.europesays.com\/pt\/wp-json\/wp\/v2\/media?parent=131060"}],"wp:term":[{"taxonomy":"category","embeddable":true,"href":"https:\/\/www.europesays.com\/pt\/wp-json\/wp\/v2\/categories?post=131060"},{"taxonomy":"post_tag","embeddable":true,"href":"https:\/\/www.europesays.com\/pt\/wp-json\/wp\/v2\/tags?post=131060"}],"curies":[{"name":"wp","href":"https:\/\/api.w.org\/{rel}","templated":true}]}}