{"id":131062,"date":"2025-10-29T11:42:19","date_gmt":"2025-10-29T11:42:19","guid":{"rendered":"https:\/\/www.europesays.com\/pt\/131062\/"},"modified":"2025-10-29T11:42:19","modified_gmt":"2025-10-29T11:42:19","slug":"leandro-hassum-surge-muito-diferente-no-papel-de-um-avo-em-filme-de-drama","status":"publish","type":"post","link":"https:\/\/www.europesays.com\/pt\/131062\/","title":{"rendered":"Leandro Hassum surge muito diferente no papel de um av\u00f4 em filme de drama"},"content":{"rendered":"\n<p class=\" content-text__container theme-color-primary-first-letter\" data-track-category=\"Link no Texto\" data-track-links=\"\"> <a class=\"\" href=\"https:\/\/oglobo.globo.com\/tudo-sobre\/personalidade\/leandro-hassum\" rel=\"nofollow noopener\" target=\"_blank\">Leandro Hassum<\/a> surgir\u00e1 muito diferente em \u201cCris\u00e1lida\u201d, cujas filmagens acontecem no Rio. O ator ser\u00e1 C\u00e1ssio, um homem vi\u00favo que passar\u00e1 a cuidar da neta, Nina (Malu Mauricio), quando o filho, Pedro (Vin\u00edcius de Oliveira), adoecer. A conviv\u00eancia com a menina transformar\u00e1 a vida dele. A dire\u00e7\u00e3o do longa, previsto para estrear em 2026, \u00e9 de <a class=\"\" href=\"https:\/\/oglobo.globo.com\/tudo-sobre\/personalidade\/silvio-guindane\" rel=\"nofollow noopener\" target=\"_blank\">Silvio Guindane<\/a> <\/p>\n<ul class=\"content-unordered-list\">\n<li><strong>Leia tamb\u00e9m:<\/strong> <a class=\"\" href=\"https:\/\/oglobo.globo.com\/play\/noticia\/2025\/10\/28\/veja-qual-sera-o-papel-de-paulo-lessa-em-bruna-surfistinha-2.ghtml\" rel=\"nofollow noopener\" target=\"_blank\">Veja qual ser\u00e1 o papel de Paulo Lessa em &#8216;Bruna Surfistinha 2&#8217;<\/a><\/li>\n<li><strong>E mais:<\/strong> <a class=\"\" href=\"https:\/\/oglobo.globo.com\/play\/noticia\/2025\/10\/27\/casal-na-malhacao-de-2015-nicolas-prattes-e-marina-moschen-vao-reeditar-parceria-em-filme.ghtml\" rel=\"nofollow noopener\" target=\"_blank\">Casal na &#8216;Malha\u00e7\u00e3o&#8217; de 2015, Nicolas Prattes e Marina Moschen v\u00e3o reeditar parceria em filme<\/a><\/li>\n<\/ul>\n<p class=\" content-text__container \" data-track-category=\"Link no Texto\" data-track-links=\"\"> Escrito por Paulo Cursino, o longa \u00e9 uma adapta\u00e7\u00e3o da HQ de Vin\u00edcius Velo. O elenco conta ainda com <a class=\"\" href=\"https:\/\/oglobo.globo.com\/tudo-sobre\/personalidade\/daniel-dantas\" rel=\"nofollow noopener\" target=\"_blank\">Daniel Dantas<\/a>, <a class=\"\" href=\"https:\/\/oglobo.globo.com\/play\/noticia\/2025\/10\/25\/felipe-rocha-fara-filme-estrelado-por-leandro-hassum.ghtml\" rel=\"nofollow noopener\" target=\"_blank\">Felipe Rocha<\/a>, Paulo Am\u00e9rico, Carla Cristina, Isabel Gueron e Eduardo Lado. Trata-se de uma produ\u00e7\u00e3o da Visom Digital, Funktoon e co-produ\u00e7\u00e3o Globo Filmes. <\/p>\n<ul class=\"content-unordered-list\">\n<li><strong>TV e famosos:<\/strong> <a class=\"\" href=\"https:\/\/www.whatsapp.com\/channel\/0029Va3JQfiDTkJwvhCFGq1r\" target=\"_blank\" rel=\"nofollow noopener\">se inscreva no canal da coluna Play no WhatsApp<\/a><\/li>\n<\/ul>\n<p>    Veja as personalidades que transformaram o corpo           <img decoding=\"async\" id=\"image-id-tumb-0988eeb3-b4cf-48ea-be4c-54d531bc9d2c\" alt=\"Fabio Assun\u00e7\u00e3o conseguiu eliminar 28 kg ao mudar completamente sua rotina para viver uma vida mais saud\u00e1vel e se preparar para um personagem \u2014 Foto: Foto: Reprodu\u00e7\u00e3o\/Instagram\" src=\"https:\/\/www.europesays.com\/pt\/wp-content\/uploads\/2025\/10\/antes-depois.gif\" loading=\"lazy\" height=\"450\" width=\"620\" data-posicao=\"1\" role=\"button\" tabindex=\"0\"\/>    <img decoding=\"async\" id=\"image-id-0988eeb3-b4cf-48ea-be4c-54d531bc9d2c\" class=\"gallery-photo\" alt=\"Fabio Assun\u00e7\u00e3o conseguiu eliminar 28 kg ao mudar completamente sua rotina para viver uma vida mais saud\u00e1vel e se preparar para um personagem \u2014 Foto: Foto: Reprodu\u00e7\u00e3o\/Instagram\" src=\"https:\/\/www.europesays.com\/pt\/wp-content\/uploads\/2025\/10\/1761738133_285_antes-depois.gif\" loading=\"lazy\" height=\"450\" width=\"620\"\/>  <\/p>\n<p> 1 de 13 <br \/>&#13;Fabio Assun\u00e7\u00e3o conseguiu eliminar 28 kg ao mudar completamente sua rotina para viver uma vida mais saud\u00e1vel e se preparar para um personagem \u2014 Foto: Foto: Reprodu\u00e7\u00e3o\/Instagram <\/p>\n<p>     <img decoding=\"async\" id=\"image-id-tumb-1b918952-2fc1-4028-9387-4af7524e2726\" alt=\"Em 2009, aos 59 anos, Faust\u00e3o passou por uma cirurgia bari\u00e1trica que o fez eliminar 40 kg \u2014 Foto: Reprodu\u00e7\u00e3o\" src=\"https:\/\/www.europesays.com\/pt\/wp-content\/uploads\/2025\/10\/65565.png\" loading=\"lazy\" height=\"1414\" width=\"1688\" data-posicao=\"2\" role=\"button\" tabindex=\"0\"\/>    <img decoding=\"async\" id=\"image-id-1b918952-2fc1-4028-9387-4af7524e2726\" class=\"gallery-photo\" alt=\"Em 2009, aos 59 anos, Faust\u00e3o passou por uma cirurgia bari\u00e1trica que o fez eliminar 40 kg \u2014 Foto: Reprodu\u00e7\u00e3o\" src=\"https:\/\/www.europesays.com\/pt\/wp-content\/uploads\/2025\/10\/1761738133_989_65565.png\" loading=\"lazy\" height=\"1414\" width=\"1688\"\/>  <\/p>\n<p> 2 de 13 <br \/>&#13;Em 2009, aos 59 anos, Faust\u00e3o passou por uma cirurgia bari\u00e1trica que o fez eliminar 40 kg \u2014 Foto: Reprodu\u00e7\u00e3o <\/p>\n<p>     Pular    <\/p>\n<p> X de 13 <br \/>Publicidade <\/p>\n<p>      <img decoding=\"async\" id=\"image-id-tumb-9487bef5-9e30-4c4b-8c5d-9f5710234ebc\" alt=\"Marcus Majella perdeu 30kg com dieta e exerc\u00edcios f\u00edsicos \u2014 Foto: Reprodu\u00e7\u00e3o\/Instagram\" src=\"https:\/\/www.europesays.com\/pt\/wp-content\/uploads\/2025\/10\/marcusmajella.png\" loading=\"lazy\" height=\"469\" width=\"614\" data-posicao=\"3\" role=\"button\" tabindex=\"0\"\/>    <img decoding=\"async\" id=\"image-id-9487bef5-9e30-4c4b-8c5d-9f5710234ebc\" class=\"gallery-photo\" alt=\"Marcus Majella perdeu 30kg com dieta e exerc\u00edcios f\u00edsicos \u2014 Foto: Reprodu\u00e7\u00e3o\/Instagram\" src=\"https:\/\/www.europesays.com\/pt\/wp-content\/uploads\/2025\/10\/1761738134_145_marcusmajella.png\" loading=\"lazy\" height=\"469\" width=\"614\"\/>  <\/p>\n<p> 3 de 13 <br \/>&#13;Marcus Majella perdeu 30kg com dieta e exerc\u00edcios f\u00edsicos \u2014 Foto: Reprodu\u00e7\u00e3o\/Instagram <\/p>\n<p>      <img decoding=\"async\" id=\"image-id-fae9f659-9e68-4ef7-8054-d65368dd32c9\" class=\"gallery-photo\" alt=\"A apresentadora da TV Globo Luiza Zveiter fez bari\u00e1trica aos 18 anos \u2014 Foto: Reprodu\u00e7\u00e3o: Instagram\" src=\"https:\/\/www.europesays.com\/pt\/wp-content\/uploads\/2025\/10\/luiza-antes-depois-1-.webp.jpeg\" loading=\"lazy\" height=\"450\" width=\"620\"\/>  <\/p>\n<p> 4 de 13 <br \/>&#13;A apresentadora da TV Globo Luiza Zveiter fez bari\u00e1trica aos 18 anos \u2014 Foto: Reprodu\u00e7\u00e3o: Instagram <\/p>\n<p>     Pular    <\/p>\n<p> X de 13 <br \/>Publicidade <\/p>\n<p>      <img decoding=\"async\" id=\"image-id-e1ac3e94-4d67-4df8-a76a-15fdd42b6f72\" class=\"gallery-photo\" alt=\"Rebel Wilson, atriz da s\u00e9rie &quot;Isn't it romantic&quot;, mudou seu estilo de vida em 2020 e perdeu 36kg \u2014 Foto: Reprodu\u00e7\u00e3o Youtube \/  Reprodu\u00e7\u00e3o Instagram\" src=\"https:\/\/www.europesays.com\/pt\/wp-content\/uploads\/2025\/10\/design-sem-nome-32.png\" loading=\"lazy\" height=\"490\" width=\"750\"\/>  <\/p>\n<p> 5 de 13 <br \/>&#13;Rebel Wilson, atriz da s\u00e9rie &#8220;Isn&#8217;t it romantic&#8221;, mudou seu estilo de vida em 2020 e perdeu 36kg \u2014 Foto: Reprodu\u00e7\u00e3o Youtube \/ Reprodu\u00e7\u00e3o Instagram <\/p>\n<p>      <img decoding=\"async\" id=\"image-id-d9ce184b-cb04-4c1c-8abb-b5e1a807ffd8\" class=\"gallery-photo\" alt=\"Andr\u00e9 Marques antes e depois da cirurgia bari\u00e1trica \u2014 Foto: Foto: TV Globo\" src=\"https:\/\/www.europesays.com\/pt\/wp-content\/uploads\/2025\/10\/fotojet-19-.webp.jpeg\" loading=\"lazy\" height=\"644\" width=\"888\"\/>  <\/p>\n<p> 6 de 13 <br \/>&#13;Andr\u00e9 Marques antes e depois da cirurgia bari\u00e1trica \u2014 Foto: Foto: TV Globo <\/p>\n<p>     Pular    <\/p>\n<p> X de 13 <br \/>Publicidade <\/p>\n<p>      <img decoding=\"async\" id=\"image-id-8422c0e3-08f2-4952-b8ba-5f0fa341922d\" class=\"gallery-photo\" alt=\"Em 2020, Adele surpreendeu seus seguidores ao mostrar que emagreceu 45 quilos\" src=\"https:\/\/www.europesays.com\/pt\/wp-content\/uploads\/2025\/10\/423423432.png\" loading=\"lazy\" height=\"1420\" width=\"1682\"\/>  <\/p>\n<p> 7 de 13 <br \/>&#13;Em 2020, Adele surpreendeu seus seguidores ao mostrar que emagreceu 45 quilos <\/p>\n<p>      <img decoding=\"async\" id=\"image-id-05178f83-ba4a-4dab-bcb8-2eb3b7ae7bb8\" class=\"gallery-photo\" alt=\"Leandro Hassum emagreceu mais de 60 quilos ap\u00f3s ser submetido a uma cirurgia bari\u00e1trica em 2014 \u2014 Foto: Reprodu\u00e7\u00e3o\" src=\"https:\/\/www.europesays.com\/pt\/wp-content\/uploads\/2025\/10\/hassummm.webp.jpeg\" loading=\"lazy\" height=\"450\" width=\"620\"\/>  <\/p>\n<p> 8 de 13 <br \/>&#13;Leandro Hassum emagreceu mais de 60 quilos ap\u00f3s ser submetido a uma cirurgia bari\u00e1trica em 2014 \u2014 Foto: Reprodu\u00e7\u00e3o <\/p>\n<p>     Pular    <\/p>\n<p> X de 13 <br \/>Publicidade <\/p>\n<p>      <img decoding=\"async\" id=\"image-id-c610fa53-20cf-44ef-8ace-d78becc8367f\" class=\"gallery-photo\" alt=\"Antes e depois da atriz Melissa McCarthy, das s\u00e9ries &quot;Gilmore girls&quot; e &quot;Mike &amp; Molly&quot;, ap\u00f3s perder 35kg \u2014 Foto: Foto: Getty Images\" src=\"https:\/\/www.europesays.com\/pt\/wp-content\/uploads\/2025\/10\/mm2.webp.jpeg\" loading=\"lazy\" height=\"450\" width=\"620\"\/>  <\/p>\n<p> 9 de 13 <br \/>&#13;Antes e depois da atriz Melissa McCarthy, das s\u00e9ries &#8220;Gilmore girls&#8221; e &#8220;Mike &amp; Molly&#8221;, ap\u00f3s perder 35kg \u2014 Foto: Foto: Getty Images <\/p>\n<p>      <img decoding=\"async\" id=\"image-id-9e46ad1d-46e6-4411-92fd-d7e3f0c1ad0f\" class=\"gallery-photo\" alt=\"Jojo Todynho est\u00e1 emagrecendo ap\u00f3s passar por uma cirurgia bari\u00e1trica \u2014 Foto: Reprodu\u00e7\u00e3o\" src=\"https:\/\/www.europesays.com\/pt\/wp-content\/uploads\/2025\/10\/98898.png\" loading=\"lazy\" height=\"1440\" width=\"1488\"\/>  <\/p>\n<p> 10 de 13 <br \/>&#13;Jojo Todynho est\u00e1 emagrecendo ap\u00f3s passar por uma cirurgia bari\u00e1trica \u2014 Foto: Reprodu\u00e7\u00e3o <\/p>\n<p>     Pular    <\/p>\n<p> X de 13 <br \/>Publicidade <\/p>\n<p>      <img decoding=\"async\" id=\"image-id-a27f5275-9508-4049-a913-261109cf8a00\" class=\"gallery-photo\" alt=\"Solange Couto, conhecida por sua personagem Dona Jura em &quot;O Clone&quot;, perdeu cerca de 40 kg ao fazer uma cirurgia bari\u00e1trica aos 56 anos, em 2013 \u2014 Foto: Reprodu\u00e7\u00e3o\" src=\"https:\/\/www.europesays.com\/pt\/wp-content\/uploads\/2025\/10\/solange.png\" loading=\"lazy\" height=\"1466\" width=\"1640\"\/>  <\/p>\n<p> 11 de 13 <br \/>&#13;Solange Couto, conhecida por sua personagem Dona Jura em &#8220;O Clone&#8221;, perdeu cerca de 40 kg ao fazer uma cirurgia bari\u00e1trica aos 56 anos, em 2013 \u2014 Foto: Reprodu\u00e7\u00e3o <\/p>\n<p>      <img decoding=\"async\" id=\"image-id-9c9a4fa4-6c07-4a08-bc72-214569bba514\" class=\"gallery-photo\" alt=\"Silvia Poppovic emagreceu 50kg. Ela fez cirurgia bari\u00e1trica \u2014 Foto: Reprodu\u00e7\u00e3o\/Instagram\" src=\"https:\/\/www.europesays.com\/pt\/wp-content\/uploads\/2025\/10\/silviapoppovic.jpg\" loading=\"lazy\" height=\"590\" width=\"932\"\/>  <\/p>\n<p> 12 de 13 <br \/>&#13;Silvia Poppovic emagreceu 50kg. Ela fez cirurgia bari\u00e1trica \u2014 Foto: Reprodu\u00e7\u00e3o\/Instagram <\/p>\n<p>     Pular    <\/p>\n<p> X de 13 <br \/>Publicidade <\/p>\n<p>      <img decoding=\"async\" id=\"image-id-ee1a1c44-dcf8-456d-801c-fd98815696e1\" class=\"gallery-photo\" alt=\"Atriz de &quot;Senhora do destino&quot;, Gottsha perdeu 18 quilos nos \u00faltimos meses \u2014 Foto: Reprodu\u00e7\u00e3o Instagram \/ Divulga\u00e7\u00e3o\" src=\"https:\/\/www.europesays.com\/pt\/wp-content\/uploads\/2025\/10\/image-6483441.jpg\" loading=\"lazy\" height=\"2048\" width=\"2048\"\/>  <\/p>\n<p> 13 de 13 <br \/>&#13;Atriz de &#8220;Senhora do destino&#8221;, Gottsha perdeu 18 quilos nos \u00faltimos meses \u2014 Foto: Reprodu\u00e7\u00e3o Instagram \/ Divulga\u00e7\u00e3o <\/p>\n<p>confira<\/p>\n","protected":false},"excerpt":{"rendered":"Leandro Hassum surgir\u00e1 muito diferente em \u201cCris\u00e1lida\u201d, cujas filmagens acontecem no Rio. O ator ser\u00e1 C\u00e1ssio, um homem&hellip;\n","protected":false},"author":2,"featured_media":131063,"comment_status":"","ping_status":"","sticky":false,"template":"","format":"standard","meta":{"footnotes":""},"categories":[140],"tags":[29752,29751,114,115,147,148,14513,146,32,33,679,25932],"class_list":{"0":"post-131062","1":"post","2":"type-post","3":"status-publish","4":"format-standard","5":"has-post-thumbnail","7":"category-filmes","8":"tag-carla-cristina-cardoso","9":"tag-daniel-dantas","10":"tag-entertainment","11":"tag-entretenimento","12":"tag-film","13":"tag-filmes","14":"tag-leandro-hassum","15":"tag-movies","16":"tag-portugal","17":"tag-pt","18":"tag-reportagem","19":"tag-silvio-guindane"},"share_on_mastodon":{"url":"https:\/\/pubeurope.com\/@pt\/115457277964632772","error":""},"_links":{"self":[{"href":"https:\/\/www.europesays.com\/pt\/wp-json\/wp\/v2\/posts\/131062","targetHints":{"allow":["GET"]}}],"collection":[{"href":"https:\/\/www.europesays.com\/pt\/wp-json\/wp\/v2\/posts"}],"about":[{"href":"https:\/\/www.europesays.com\/pt\/wp-json\/wp\/v2\/types\/post"}],"author":[{"embeddable":true,"href":"https:\/\/www.europesays.com\/pt\/wp-json\/wp\/v2\/users\/2"}],"replies":[{"embeddable":true,"href":"https:\/\/www.europesays.com\/pt\/wp-json\/wp\/v2\/comments?post=131062"}],"version-history":[{"count":0,"href":"https:\/\/www.europesays.com\/pt\/wp-json\/wp\/v2\/posts\/131062\/revisions"}],"wp:featuredmedia":[{"embeddable":true,"href":"https:\/\/www.europesays.com\/pt\/wp-json\/wp\/v2\/media\/131063"}],"wp:attachment":[{"href":"https:\/\/www.europesays.com\/pt\/wp-json\/wp\/v2\/media?parent=131062"}],"wp:term":[{"taxonomy":"category","embeddable":true,"href":"https:\/\/www.europesays.com\/pt\/wp-json\/wp\/v2\/categories?post=131062"},{"taxonomy":"post_tag","embeddable":true,"href":"https:\/\/www.europesays.com\/pt\/wp-json\/wp\/v2\/tags?post=131062"}],"curies":[{"name":"wp","href":"https:\/\/api.w.org\/{rel}","templated":true}]}}