{"id":131067,"date":"2025-10-29T11:45:13","date_gmt":"2025-10-29T11:45:13","guid":{"rendered":"https:\/\/www.europesays.com\/pt\/131067\/"},"modified":"2025-10-29T11:45:13","modified_gmt":"2025-10-29T11:45:13","slug":"action-tem-varios-produtos-de-natal-com-super-preco-na-nova-campanha-de-descontos","status":"publish","type":"post","link":"https:\/\/www.europesays.com\/pt\/131067\/","title":{"rendered":"Action tem v\u00e1rios produtos de Natal com super pre\u00e7o na nova campanha de descontos"},"content":{"rendered":"<p>&#13;<br \/>\n\t\t\t\t Users: 8.829&#13;\n\t\t\t<\/p>\n<p>A\u00a0Action\u00a0apresentou a nova\u00a0<a href=\"https:\/\/www.magazine-hd.com\/apps\/wp\/grandes-promocoes-final-outubro-action\/\" target=\"_blank\" rel=\"noopener nofollow\">campanha<\/a> de promo\u00e7\u00f5es semanais, com dezenas de produtos a pre\u00e7os reduzidos. A cadeia de retalho prepara-se assim para a \u00e9poca natal\u00edcia, oferecendo descontos em v\u00e1rias categorias, desde decora\u00e7\u00e3o e t\u00eaxteis-lar at\u00e9 pequenos eletrodom\u00e9sticos. Assim sendo as promo\u00e7\u00f5es destacam-se n\u00e3o s\u00f3 pelos pre\u00e7os acess\u00edveis, mas tamb\u00e9m pela variedade de <a href=\"https:\/\/www.magazine-hd.com\/apps\/wp\/nova-prateleira-action-perfeita-expor-lego\/\" target=\"_blank\" rel=\"noopener nofollow\">artigos<\/a> pensados para o lar, conforto e presentes de Natal.<\/p>\n<p><a class=\"gcc-anchor\" id=\"1\"\/><br \/>\nDecora\u00e7\u00e3o e ilumina\u00e7\u00e3o natal\u00edcia em destaque<br \/>\n<img loading=\"lazy\" decoding=\"async\" class=\"size-full wp-image-736745\" src=\"data:image\/svg+xml,%3Csvg%20xmlns=\" http:=\"\" alt=\"home decor loja do gato preto\" width=\"728\" height=\"385\" data-lazy- data-lazy- data-lazy-src=\"https:\/\/www.europesays.com\/pt\/wp-content\/uploads\/2025\/09\/home-decor-loja-do-gato-preto.webp.webp\"\/>\u00a9 Pixel-Shot via ShutterStock (ID: 2468660935)<\/p>\n<p>Com o Natal a aproximar-se, a Action aposta fortemente na decora\u00e7\u00e3o festiva e ilumina\u00e7\u00e3o LED. A ilumina\u00e7\u00e3o solar Luxuriance Lights, com 18 metros e 750 LED, surge a 15,95 euros, com 15% de desconto. As grinaldas de luz com figuras e as estalactites suspensas complementam a oferta, com pre\u00e7os entre 0,87 e 4,95 euros, ideais para transformar qualquer ambiente num cen\u00e1rio natal\u00edcio acolhedor. Al\u00e9m disso, o projetor laser Eurodomest, composto por tr\u00eas pe\u00e7as, desce para 9,95 euros, representando uma poupan\u00e7a de 28%.<\/p>\n<p><a class=\"gcc-anchor\" id=\"2\"\/><br \/>\nRoupa quente e conforto em promo\u00e7\u00e3o<\/p>\n<p>O conforto tamb\u00e9m \u00e9 prioridade nesta campanha. As leggings t\u00e9rmicas, dispon\u00edveis nos tamanhos S a XL, est\u00e3o agora a 2,99 euros, com uma redu\u00e7\u00e3o de 25%. Os pijamas infantis, em diversos tamanhos e variantes, custam 5,95 euros, uma op\u00e7\u00e3o econ\u00f3mica para enfrentar os dias frios. As pantufas, dispon\u00edveis do tamanho 36 ao 41, apresentam-se a 4,95 euros, garantindo conforto em casa durante o inverno.<\/p>\n<p><a class=\"gcc-anchor\" id=\"3\"\/><br \/>\nArtigos de beleza e utilidades a pre\u00e7os reduzidos<\/p>\n<p>A nova <a href=\"https:\/\/www.magazine-hd.com\/apps\/wp\/tedi-loja-rivalaction-centenas-produtos-baratos-halloween\/\" target=\"_blank\" rel=\"noopener nofollow\">campanha<\/a> inclui ainda produtos de beleza e cuidados naturais, uma das categorias mais procuradas. Os \u00f3leos da marca Alaise, de am\u00eandoas, r\u00edcino, arg\u00e3o e jojoba, est\u00e3o dispon\u00edveis entre 2,49 e 2,89 euros, com descontos at\u00e9 13%. Ou seja, estes produtos destacam-se pelo uso vers\u00e1til, tanto em cuidados de pele como de cabelo.<\/p>\n<p>O\u00a0conjunto de maquilhagem Max &amp; More, composto por tr\u00eas pe\u00e7as, encontra-se agora a\u00a02,49 euros, com uma redu\u00e7\u00e3o de 36%. Este tipo de artigo \u00e9 uma excelente op\u00e7\u00e3o para\u00a0presentes de Natal econ\u00f3micos, mantendo a qualidade e o design moderno.<\/p>\n<p>A Action aposta tamb\u00e9m em solu\u00e7\u00f5es pr\u00e1ticas para o lar. A frigideira Scandi Petra, com 24 cent\u00edmetros de di\u00e2metro, custa 7,95 euros, um desconto de 11%. O jarro el\u00e9trico Philips 1000 Series, com 2200 watts e capacidade para 1,7 litros, est\u00e1 a 17,95 euros, ideal para os meses frios. Da mesma forma a batedeira Philips 3000 Series, com cinco velocidades, mant\u00e9m o mesmo pre\u00e7o promocional, oferecendo <a href=\"https:\/\/www.magazine-hd.com\/apps\/wp\/action-nova-loja-portugal-leiria-artigos-super-baratos\/\" target=\"_blank\" rel=\"noopener nofollow\">qualidade<\/a> e durabilidade reconhecidas.<\/p>\n<p><a class=\"gcc-anchor\" id=\"4\"\/><br \/>\nT\u00eaxteis-lar com pre\u00e7os imperd\u00edveis<br \/>\n<img loading=\"lazy\" decoding=\"async\" class=\"size-full wp-image-629492\" src=\"data:image\/svg+xml,%3Csvg%20xmlns=\" http:=\"\" alt=\"Sala Decora\u00e7\u00e3o\" width=\"728\" height=\"385\" data-lazy- data-lazy- data-lazy-src=\"https:\/\/www.europesays.com\/pt\/wp-content\/uploads\/2025\/08\/sala-decoracao.jpg\"\/>Foto de Spacejoy na Unsplash<\/p>\n<p>Os len\u00e7\u00f3is-capa em jersey Comfibeds, dispon\u00edveis em v\u00e1rias medidas, est\u00e3o agora entre 3,29 e 4,99 euros, com redu\u00e7\u00f5es at\u00e9 23%. Feitos em algod\u00e3o, proporcionam\u00a0conforto e resist\u00eancia, tornando-se ideais para renovar o quarto antes do inverno.<\/p>\n<p>Ou seja, estes artigos s\u00e3o acompanhados por outras op\u00e7\u00f5es de t\u00eaxteis-lar econ\u00f3micos, refor\u00e7ando a imagem da Action como destino preferido para quem procura qualidade a baixo <a href=\"https:\/\/www.magazine-hd.com\/apps\/wp\/primaprix-rival-action-tedi-abre-nova-loja-portugal\/\" target=\"_blank\" rel=\"noopener nofollow\">custo<\/a>.<\/p>\n<p>Por fim, para os mais novos, o conjunto para colorir e pintar D\u00e9coTime, com 112 pe\u00e7as, custa 14,97 euros, um desconto de 21%. Tamb\u00e9m dispon\u00edveis est\u00e3o os el\u00e1sticos para trabalhos manuais, a 1,58 euros, ideais para atividades escolares e criativas.<\/p>\n<p>\n        About The Author<\/p>\n<p>                <a href=\"https:\/\/www.magazine-hd.com\/apps\/wp\/author\/dpassos\/\" rel=\"nofollow noopener\" target=\"_blank\"><img loading=\"lazy\" decoding=\"async\" width=\"150\" height=\"150\" src=\"data:image\/svg+xml,%3Csvg%20xmlns=\" http:=\"\" class=\"avatar avatar-150 photo\" alt=\"\" data-lazy- data-lazy- data-lazy-src=\"https:\/\/www.europesays.com\/pt\/wp-content\/uploads\/2025\/10\/dp-150x150.jpg\"\/><\/a><\/p>\n<p>                    <a href=\"https:\/\/www.magazine-hd.com\/apps\/wp\/author\/dpassos\/\" rel=\"nofollow noopener\" target=\"_blank\">David Passos<\/a><\/p>\n<p>Licenciado em Antropologia, Mestre em Gest\u00e3o da Cultural pelo ISCTE-IUL, e P\u00f3s-graduado em Estudos Visuais: Fotografia e P\u00f3s-Cinema na FCSH. \u00c9 fot\u00f3grafo e cineasta, tendo estreado a sua segunda curta-metragem, \u201cTraz Chuva\u201d, no Cinema S\u00e3o Jorge, em Lisboa. Faz parte da MHD desde 2022, sendo atualmente redator e Coordenador de M\u00fasica. Tem interesse numa grande variedade de assuntos, desde m\u00fasica, a gaming, cinema, literatura e televis\u00e3o. Especialista em LEGO e Senhor dos An\u00e9is.<\/p>\n<p>\t\t<\/p>\n","protected":false},"excerpt":{"rendered":"&#13; Users: 8.829&#13; A\u00a0Action\u00a0apresentou a nova\u00a0campanha de promo\u00e7\u00f5es semanais, com dezenas de produtos a pre\u00e7os reduzidos. A cadeia&hellip;\n","protected":false},"author":2,"featured_media":20672,"comment_status":"","ping_status":"","sticky":false,"template":"","format":"standard","meta":{"footnotes":""},"categories":[85],"tags":[7575,1677,2402,114,115,7561,32,9883,2064,33],"class_list":{"0":"post-131067","1":"post","2":"type-post","3":"status-publish","4":"format-standard","5":"has-post-thumbnail","7":"category-entretenimento","8":"tag-action","9":"tag-campanha","10":"tag-descontos","11":"tag-entertainment","12":"tag-entretenimento","13":"tag-natal","14":"tag-portugal","15":"tag-produtos","16":"tag-promocoes","17":"tag-pt"},"share_on_mastodon":{"url":"https:\/\/pubeurope.com\/@pt\/115457289404276328","error":""},"_links":{"self":[{"href":"https:\/\/www.europesays.com\/pt\/wp-json\/wp\/v2\/posts\/131067","targetHints":{"allow":["GET"]}}],"collection":[{"href":"https:\/\/www.europesays.com\/pt\/wp-json\/wp\/v2\/posts"}],"about":[{"href":"https:\/\/www.europesays.com\/pt\/wp-json\/wp\/v2\/types\/post"}],"author":[{"embeddable":true,"href":"https:\/\/www.europesays.com\/pt\/wp-json\/wp\/v2\/users\/2"}],"replies":[{"embeddable":true,"href":"https:\/\/www.europesays.com\/pt\/wp-json\/wp\/v2\/comments?post=131067"}],"version-history":[{"count":0,"href":"https:\/\/www.europesays.com\/pt\/wp-json\/wp\/v2\/posts\/131067\/revisions"}],"wp:featuredmedia":[{"embeddable":true,"href":"https:\/\/www.europesays.com\/pt\/wp-json\/wp\/v2\/media\/20672"}],"wp:attachment":[{"href":"https:\/\/www.europesays.com\/pt\/wp-json\/wp\/v2\/media?parent=131067"}],"wp:term":[{"taxonomy":"category","embeddable":true,"href":"https:\/\/www.europesays.com\/pt\/wp-json\/wp\/v2\/categories?post=131067"},{"taxonomy":"post_tag","embeddable":true,"href":"https:\/\/www.europesays.com\/pt\/wp-json\/wp\/v2\/tags?post=131067"}],"curies":[{"name":"wp","href":"https:\/\/api.w.org\/{rel}","templated":true}]}}