{"id":131070,"date":"2025-10-29T11:51:12","date_gmt":"2025-10-29T11:51:12","guid":{"rendered":"https:\/\/www.europesays.com\/pt\/131070\/"},"modified":"2025-10-29T11:51:12","modified_gmt":"2025-10-29T11:51:12","slug":"jose-condessa-amor-sem-queixas-o-truque-do-ator-com-luisinha-oliveira","status":"publish","type":"post","link":"https:\/\/www.europesays.com\/pt\/131070\/","title":{"rendered":"Jos\u00e9 Condessa &#8211; Amor sem queixas! O &#8216;truque&#8217; do ator com Luisinha Oliveira"},"content":{"rendered":"<p><strong>Jos\u00e9 Condessa <\/strong>e <strong>Luisinha Oliveira<\/strong> vivem um momento feliz, tanto pessoal como profissionalmente. O casal, no auge das respetivas carreiras, viaja pelo mundo para concretizar os seus sonhos, mas consegue manter a rela\u00e7\u00e3o s\u00f3lida e equilibrada.<\/p>\n<p>Em conversa com a\u00a0imprensa, citada pela Selfie, o ator falou sobre como ambos lidam com a dist\u00e2ncia e a aus\u00eancia inevit\u00e1vel causada pelo trabalho, adiantando que nenhum dos dois se queixa.<\/p>\n<blockquote>\n<p><strong>Leia ainda: <\/strong>Jos\u00e9 Condessa <a href=\"https:\/\/www.novagente.pt\/jose-condessa-abandona-podcast-meio-video-da-que-falar-o-respeito-nao-mutuo\" rel=\"nofollow noopener\" target=\"_blank\">abandona podcast a meio? V\u00eddeo d\u00e1 que falar: &#8220;O respeito n\u00e3o \u00e9 m\u00fatuo&#8221;<\/a><\/p>\n<\/blockquote>\n<p>&#8220;Acho que, numa rela\u00e7\u00e3o, temos de nos apoiar dessa maneira: deixar voar e n\u00e3o exigir que estejamos sempre presentes, porque, \u00e0s vezes, esquecemo-nos que n\u00f3s tamb\u00e9m n\u00e3o estamos&#8221;, fez saber.<\/p>\n<p>Jos\u00e9 Condessa destacou ainda que o segredo est\u00e1 no apoio m\u00fatuo e na liberdade que ambos concedem um ao outro, sempre com um objetivo comum: crescer juntos. &#8220;<strong>A nossa ideia \u00e9 sermos um trampolim para os sonhos um do outro e n\u00e3o um peso para dificultar esse salto<\/strong>&#8220;, rematou.<\/p>\n<p>Jos\u00e9 Condessa e Luisinha Oliveira em momento amoroso<\/p>\n<p>Texto: Beatriz Soares; Fotos: Arquivo Impala.\u00a0<\/p>\n<p class=\"intagram-text\">Siga a Nova Gente no Instagram<\/p>\n<p>                        <a href=\"https:\/\/www.instagram.com\/revistanovagente\/\" target=\"_blank\" aria-label=\"instagram\" rel=\"noopener nofollow\"><img decoding=\"async\" style=\"display: block; margin-left: auto; margin-right: auto; width: 250px; height: 83px;\" src=\"https:\/\/www.europesays.com\/pt\/wp-content\/uploads\/2025\/10\/Instagram_NG.png\" alt=\"instagram\"\/><\/a><br \/>\n                    <script async src=\"\/\/www.instagram.com\/embed.js\"><\/script><\/p>\n","protected":false},"excerpt":{"rendered":"Jos\u00e9 Condessa e Luisinha Oliveira vivem um momento feliz, tanto pessoal como profissionalmente. O casal, no auge das&hellip;\n","protected":false},"author":2,"featured_media":131071,"comment_status":"","ping_status":"","sticky":false,"template":"","format":"standard","meta":{"footnotes":""},"categories":[145],"tags":[5869,211,210,114,115,8203,8201,3212,32,33,26187],"class_list":{"0":"post-131070","1":"post","2":"type-post","3":"status-publish","4":"format-standard","5":"has-post-thumbnail","7":"category-celebridades","8":"tag-beatriz-barosa","9":"tag-celebridades","10":"tag-celebrities","11":"tag-entertainment","12":"tag-entretenimento","13":"tag-jose-condessa","14":"tag-luisinha-oliveira","15":"tag-manuel-marques","16":"tag-portugal","17":"tag-pt","18":"tag-rabo-de-peixe"},"share_on_mastodon":{"url":"https:\/\/pubeurope.com\/@pt\/115457313071291509","error":""},"_links":{"self":[{"href":"https:\/\/www.europesays.com\/pt\/wp-json\/wp\/v2\/posts\/131070","targetHints":{"allow":["GET"]}}],"collection":[{"href":"https:\/\/www.europesays.com\/pt\/wp-json\/wp\/v2\/posts"}],"about":[{"href":"https:\/\/www.europesays.com\/pt\/wp-json\/wp\/v2\/types\/post"}],"author":[{"embeddable":true,"href":"https:\/\/www.europesays.com\/pt\/wp-json\/wp\/v2\/users\/2"}],"replies":[{"embeddable":true,"href":"https:\/\/www.europesays.com\/pt\/wp-json\/wp\/v2\/comments?post=131070"}],"version-history":[{"count":0,"href":"https:\/\/www.europesays.com\/pt\/wp-json\/wp\/v2\/posts\/131070\/revisions"}],"wp:featuredmedia":[{"embeddable":true,"href":"https:\/\/www.europesays.com\/pt\/wp-json\/wp\/v2\/media\/131071"}],"wp:attachment":[{"href":"https:\/\/www.europesays.com\/pt\/wp-json\/wp\/v2\/media?parent=131070"}],"wp:term":[{"taxonomy":"category","embeddable":true,"href":"https:\/\/www.europesays.com\/pt\/wp-json\/wp\/v2\/categories?post=131070"},{"taxonomy":"post_tag","embeddable":true,"href":"https:\/\/www.europesays.com\/pt\/wp-json\/wp\/v2\/tags?post=131070"}],"curies":[{"name":"wp","href":"https:\/\/api.w.org\/{rel}","templated":true}]}}