{"id":131076,"date":"2025-10-29T11:57:13","date_gmt":"2025-10-29T11:57:13","guid":{"rendered":"https:\/\/www.europesays.com\/pt\/131076\/"},"modified":"2025-10-29T11:57:13","modified_gmt":"2025-10-29T11:57:13","slug":"fc-porto-farioli-da-dois-dias-de-folga-apos-vitoria-em-moreira-de-conegos","status":"publish","type":"post","link":"https:\/\/www.europesays.com\/pt\/131076\/","title":{"rendered":"FC Porto: Farioli d\u00e1 dois dias de folga ap\u00f3s vit\u00f3ria em Moreira de C\u00f3negos"},"content":{"rendered":"<p>Depois da vit\u00f3ria suada em Moreira de C\u00f3negos, o pr\u00e9mio merecido ao plantel.<\/p>\n<p>Francesco Farioli concedeu dois dias de folga aos jogadores, na sequ\u00eancia do triunfo por 2-1 no reduto dos minhotos, na noite de segunda-feira, no fecho da 10.\u00aa jornada, que deixa o FC Porto isolado no comando da Liga.<\/p>\n<p>Ao contr\u00e1rio do que \u00e9 habitual nesta fase da \u00e9poca, com um calend\u00e1rio muito carregado, o t\u00e9cnico italiano entendeu dar mais um dia de descanso aos atletas.<\/p>\n<p>Deste modo, os drag\u00f5es voltam ao trabalho apenas na quinta-feira, no centro de est\u00e1gios do Olival, em Vila Nova de Gaia, para preparar a rece\u00e7\u00e3o ao Sp. Braga, no pr\u00f3ximo domingo (20h30), no Est\u00e1dio do Drag\u00e3o.<\/p>\n<p>O FC Porto lidera o campeonato, com 25 pontos, mais tr\u00eas do que o Sporting e mais quatro do que o Benfica, que fecham o p\u00f3dio da <a href=\"https:\/\/maisfutebol.iol.pt\/resultadoseclassificacoes\/128\/Portugal\/Primeira-Liga\" rel=\"nofollow noopener\" target=\"_blank\">classifica\u00e7\u00e3o<\/a>.<\/p>\n","protected":false},"excerpt":{"rendered":"Depois da vit\u00f3ria suada em Moreira de C\u00f3negos, o pr\u00e9mio merecido ao plantel. Francesco Farioli concedeu dois dias&hellip;\n","protected":false},"author":2,"featured_media":131077,"comment_status":"","ping_status":"","sticky":false,"template":"","format":"standard","meta":{"footnotes":""},"categories":[87],"tags":[135,2095,282,46,8343,3466,32,33,47,1233,134,3592],"class_list":{"0":"post-131076","1":"post","2":"type-post","3":"status-publish","4":"format-standard","5":"has-post-thumbnail","7":"category-desporto","8":"tag-desporto","9":"tag-farioli","10":"tag-fc-porto","11":"tag-maisfutebol","12":"tag-moreirense","13":"tag-plantel","14":"tag-portugal","15":"tag-pt","16":"tag-pura-paixao","17":"tag-sp-braga","18":"tag-sports","19":"tag-treino"},"share_on_mastodon":{"url":"https:\/\/pubeurope.com\/@pt\/115457336644560690","error":""},"_links":{"self":[{"href":"https:\/\/www.europesays.com\/pt\/wp-json\/wp\/v2\/posts\/131076","targetHints":{"allow":["GET"]}}],"collection":[{"href":"https:\/\/www.europesays.com\/pt\/wp-json\/wp\/v2\/posts"}],"about":[{"href":"https:\/\/www.europesays.com\/pt\/wp-json\/wp\/v2\/types\/post"}],"author":[{"embeddable":true,"href":"https:\/\/www.europesays.com\/pt\/wp-json\/wp\/v2\/users\/2"}],"replies":[{"embeddable":true,"href":"https:\/\/www.europesays.com\/pt\/wp-json\/wp\/v2\/comments?post=131076"}],"version-history":[{"count":0,"href":"https:\/\/www.europesays.com\/pt\/wp-json\/wp\/v2\/posts\/131076\/revisions"}],"wp:featuredmedia":[{"embeddable":true,"href":"https:\/\/www.europesays.com\/pt\/wp-json\/wp\/v2\/media\/131077"}],"wp:attachment":[{"href":"https:\/\/www.europesays.com\/pt\/wp-json\/wp\/v2\/media?parent=131076"}],"wp:term":[{"taxonomy":"category","embeddable":true,"href":"https:\/\/www.europesays.com\/pt\/wp-json\/wp\/v2\/categories?post=131076"},{"taxonomy":"post_tag","embeddable":true,"href":"https:\/\/www.europesays.com\/pt\/wp-json\/wp\/v2\/tags?post=131076"}],"curies":[{"name":"wp","href":"https:\/\/api.w.org\/{rel}","templated":true}]}}