{"id":13108,"date":"2025-08-02T16:10:32","date_gmt":"2025-08-02T16:10:32","guid":{"rendered":"https:\/\/www.europesays.com\/pt\/13108\/"},"modified":"2025-08-02T16:10:32","modified_gmt":"2025-08-02T16:10:32","slug":"vagos-metal-fest-o-dia-em-que-os-moonspell-desceram-ate-a-capital-do-metal-para-celebrar-a-alcateia","status":"publish","type":"post","link":"https:\/\/www.europesays.com\/pt\/13108\/","title":{"rendered":"Vagos Metal Fest: o dia em que os Moonspell desceram \u201cat\u00e9 \u00e0 capital do metal\u201d para celebrar a alcateia"},"content":{"rendered":"<p>N\u00e3o h\u00e1 \u201cf\u00e3s\u201d dos Moonspell: h\u00e1 lobos, fi\u00e9is desde h\u00e1 muito \u00e0 banda que Fernando Ribeiro ajudou a montar nos anos 90 e que se tornou, desde ent\u00e3o, na maior exporta\u00e7\u00e3o musical portuguesa no que ao metal diz respeito (e, noutros quadrantes, s\u00f3 o fado, entidades adjacentes como os Madredeus e alguma eletr\u00f3nica lhes fazem frente, no que toca \u00e0 internacionaliza\u00e7\u00e3o). No segundo dia de Vagos Metal Fest, os Moonspell foram o \u00f3bvio destaque, com o mais que merecido estatuto de cabe\u00e7as de cartaz &#8211; o que \u00e9 tamb\u00e9m algo raro num festival nacional, e que \u00e9 testemunho de tudo aquilo que constru\u00edram \u00e0 custa do sangue, de algumas l\u00e1grimas, e de imenso suor.<\/p>\n<p><a href=\"https:\/\/expresso.pt\/promo\/data\/content\/binaries\/custom\/expresso\/digital\/COGB6.html?returnUrl=https:\/\/expresso.pt\/blitz\/2025-08-02-vagos-metal-fest-o-dia-em-que-os-moonspell-desceram-ate-a-capital-do-metal-para-celebrar-a-alcateia-400d566f&amp;utm_source=expresso&amp;utm_medium=locked_article&amp;locked=true&amp;article_id=e176d0a3-befb-4cbd-a922-468106a90eb7&amp;author_id=Paulo+Andr\u00e9+Cec\u00edlio&amp;category=Blitz\" target=\"_self\" class=\"\" rel=\"nofollow noopener\">Subscrever<\/a>J\u00e1 \u00e9 Subscritor?Fa\u00e7a login e continue a ler<a href=\"http:\/\/expresso.pt\/codigo?redirectUrl=https:\/\/expresso.pt\/blitz\/2025-08-02-vagos-metal-fest-o-dia-em-que-os-moonspell-desceram-ate-a-capital-do-metal-para-celebrar-a-alcateia-400d566f\" target=\"_self\" class=\"\" rel=\"nofollow noopener\">Inserir C\u00f3digo<\/a>Comprou o Expresso?Insira o c\u00f3digo presente na Revista E para continuar a ler<\/p>\n","protected":false},"excerpt":{"rendered":"N\u00e3o h\u00e1 \u201cf\u00e3s\u201d dos Moonspell: h\u00e1 lobos, fi\u00e9is desde h\u00e1 muito \u00e0 banda que Fernando Ribeiro ajudou a&hellip;\n","protected":false},"author":2,"featured_media":13109,"comment_status":"","ping_status":"","sticky":false,"template":"","format":"standard","meta":{"footnotes":""},"categories":[141],"tags":[114,115,149,150,32,33],"class_list":{"0":"post-13108","1":"post","2":"type-post","3":"status-publish","4":"format-standard","5":"has-post-thumbnail","7":"category-musica","8":"tag-entertainment","9":"tag-entretenimento","10":"tag-music","11":"tag-musica","12":"tag-portugal","13":"tag-pt"},"share_on_mastodon":{"url":"","error":""},"_links":{"self":[{"href":"https:\/\/www.europesays.com\/pt\/wp-json\/wp\/v2\/posts\/13108","targetHints":{"allow":["GET"]}}],"collection":[{"href":"https:\/\/www.europesays.com\/pt\/wp-json\/wp\/v2\/posts"}],"about":[{"href":"https:\/\/www.europesays.com\/pt\/wp-json\/wp\/v2\/types\/post"}],"author":[{"embeddable":true,"href":"https:\/\/www.europesays.com\/pt\/wp-json\/wp\/v2\/users\/2"}],"replies":[{"embeddable":true,"href":"https:\/\/www.europesays.com\/pt\/wp-json\/wp\/v2\/comments?post=13108"}],"version-history":[{"count":0,"href":"https:\/\/www.europesays.com\/pt\/wp-json\/wp\/v2\/posts\/13108\/revisions"}],"wp:featuredmedia":[{"embeddable":true,"href":"https:\/\/www.europesays.com\/pt\/wp-json\/wp\/v2\/media\/13109"}],"wp:attachment":[{"href":"https:\/\/www.europesays.com\/pt\/wp-json\/wp\/v2\/media?parent=13108"}],"wp:term":[{"taxonomy":"category","embeddable":true,"href":"https:\/\/www.europesays.com\/pt\/wp-json\/wp\/v2\/categories?post=13108"},{"taxonomy":"post_tag","embeddable":true,"href":"https:\/\/www.europesays.com\/pt\/wp-json\/wp\/v2\/tags?post=13108"}],"curies":[{"name":"wp","href":"https:\/\/api.w.org\/{rel}","templated":true}]}}