{"id":131084,"date":"2025-10-29T12:04:18","date_gmt":"2025-10-29T12:04:18","guid":{"rendered":"https:\/\/www.europesays.com\/pt\/131084\/"},"modified":"2025-10-29T12:04:18","modified_gmt":"2025-10-29T12:04:18","slug":"estabelecimentos-convencionados-arriscam-multa-se-derem-preferencia-a-utentes-com-seguro","status":"publish","type":"post","link":"https:\/\/www.europesays.com\/pt\/131084\/","title":{"rendered":"Estabelecimentos convencionados arriscam multa se derem prefer\u00eancia a utentes com seguro"},"content":{"rendered":"<p>&#13;<br \/>\nNum alerta de supervis\u00e3o publicado, a Entidade Reguladora para a Sa\u00fade (ERS) afirma ter tomado conhecimento de m\u00faltiplas situa\u00e7\u00f5es de discrimina\u00e7\u00e3o de utentes do Servi\u00e7o Nacional de Sa\u00fade (SNS) por parte de estabelecimentos convencionados. &#13;\n<\/p>\n<p>&#13;<br \/>\nA discrimina\u00e7\u00e3o acontece atrav\u00e9s da defini\u00e7\u00e3o de regras distintas de agendamento e de acesso a cuidados de sa\u00fade, consoante a qualidade dos respetivos utentes (benefici\u00e1rio do SNS, de subsistema de sa\u00fade, de seguro ou plano de sa\u00fade, a t\u00edtulo particular), preterindo ou protelando o acesso a cuidados de sa\u00fade de utentes do SNS.&#13;\n<\/p>\n<p>&#13;<br \/>\nA lei portuguesa protege o direito do utente a ser atendido sem discrimina\u00e7\u00e3o, avisa o regulador, e tal atua\u00e7\u00e3o discriminat\u00f3ria consubstancia a pr\u00e1tica da contraordena\u00e7\u00e3o, pun\u00edvel com coima de mil euros a 3.740 euros ou de 1.500 euros a 44.891 euros, consoante o infrator seja pessoa singular ou coletiva.&#13;\n<\/p>\n<p>&#13;<br \/>\nA Constitui\u00e7\u00e3o portuguesa garante o respeito pelos princ\u00edpios da universalidade, da igualdade e da proibi\u00e7\u00e3o da discrimina\u00e7\u00e3o no acesso a cuidados de sa\u00fade, al\u00e9m da pr\u00f3pria rela\u00e7\u00e3o contraual.&#13;\n<\/p>\n<p>&#13;<br \/>\nOs cuidados de sa\u00fade prestados ao abrigo dos contratos com entidades de sa\u00fade do setor privado respeitam as normas e princ\u00edpios aplic\u00e1veis ao SNS, e os respetivos estabelecimentos convencionados integram o SNS nos limites da atividade contratada.&#13;\n<\/p>\n<p>&#13;<br \/>\nEmbora os estabelecimentos privados possam ter acordos com seguros ou o SNS, n\u00e3o podem criar barreiras de acesso ou dar prefer\u00eancia a utentes com seguro, devendo prestar os cuidados necess\u00e1rios independentemente da fonte de financiamento, alerta a ERS.&#13;<\/p>\n","protected":false},"excerpt":{"rendered":"&#13; Num alerta de supervis\u00e3o publicado, a Entidade Reguladora para a Sa\u00fade (ERS) afirma ter tomado conhecimento de&hellip;\n","protected":false},"author":2,"featured_media":131085,"comment_status":"","ping_status":"","sticky":false,"template":"","format":"standard","meta":{"footnotes":""},"categories":[8],"tags":[27,28,15,16,14,25,26,21,22,12,13,19,20,32,23,24,33,420,421,17,18,29,30,31],"class_list":{"0":"post-131084","1":"post","2":"type-post","3":"status-publish","4":"format-standard","5":"has-post-thumbnail","7":"category-principais-noticias","8":"tag-breaking-news","9":"tag-breakingnews","10":"tag-featured-news","11":"tag-featurednews","12":"tag-headlines","13":"tag-latest-news","14":"tag-latestnews","15":"tag-main-news","16":"tag-mainnews","17":"tag-news","18":"tag-noticias","19":"tag-noticias-principais","20":"tag-noticiasprincipais","21":"tag-portugal","22":"tag-principais-noticias","23":"tag-principaisnoticias","24":"tag-pt","25":"tag-rtp","26":"tag-rtp-noticias","27":"tag-top-stories","28":"tag-topstories","29":"tag-ultimas","30":"tag-ultimas-noticias","31":"tag-ultimasnoticias"},"share_on_mastodon":{"url":"https:\/\/pubeurope.com\/@pt\/115457364126980569","error":""},"_links":{"self":[{"href":"https:\/\/www.europesays.com\/pt\/wp-json\/wp\/v2\/posts\/131084","targetHints":{"allow":["GET"]}}],"collection":[{"href":"https:\/\/www.europesays.com\/pt\/wp-json\/wp\/v2\/posts"}],"about":[{"href":"https:\/\/www.europesays.com\/pt\/wp-json\/wp\/v2\/types\/post"}],"author":[{"embeddable":true,"href":"https:\/\/www.europesays.com\/pt\/wp-json\/wp\/v2\/users\/2"}],"replies":[{"embeddable":true,"href":"https:\/\/www.europesays.com\/pt\/wp-json\/wp\/v2\/comments?post=131084"}],"version-history":[{"count":0,"href":"https:\/\/www.europesays.com\/pt\/wp-json\/wp\/v2\/posts\/131084\/revisions"}],"wp:featuredmedia":[{"embeddable":true,"href":"https:\/\/www.europesays.com\/pt\/wp-json\/wp\/v2\/media\/131085"}],"wp:attachment":[{"href":"https:\/\/www.europesays.com\/pt\/wp-json\/wp\/v2\/media?parent=131084"}],"wp:term":[{"taxonomy":"category","embeddable":true,"href":"https:\/\/www.europesays.com\/pt\/wp-json\/wp\/v2\/categories?post=131084"},{"taxonomy":"post_tag","embeddable":true,"href":"https:\/\/www.europesays.com\/pt\/wp-json\/wp\/v2\/tags?post=131084"}],"curies":[{"name":"wp","href":"https:\/\/api.w.org\/{rel}","templated":true}]}}