{"id":131101,"date":"2025-10-29T12:34:07","date_gmt":"2025-10-29T12:34:07","guid":{"rendered":"https:\/\/www.europesays.com\/pt\/131101\/"},"modified":"2025-10-29T12:34:07","modified_gmt":"2025-10-29T12:34:07","slug":"vem-ai-em-terra-forte-a-vida-de-vivi-pode-estar-prestes-a-mudar-eis-o-forte-motivo-novelas","status":"publish","type":"post","link":"https:\/\/www.europesays.com\/pt\/131101\/","title":{"rendered":"Vem a\u00ed em \u00abTerra Forte\u00bb: A vida de Vivi pode estar prestes a mudar. Eis o forte motivo &#8211; Novelas"},"content":{"rendered":"<p>Em \u00abTerra Forte\u00bb, Vini (Gustavo Alves) assevera a Marcus (Vitor Hugo) ser quase certo que\u00a0<a href=\"https:\/\/tvi.iol.pt\/novelas\/videos\/terra-forte-no-dia-do-seu-aniversario-flor-recebe-uma-visita-inesperada\/68f65c7a0cf29d28d82976c8\" rel=\"nofollow noopener\" target=\"_blank\">Flor (Benedita Pereira)<\/a>esteja mesmo viva, com Marcus a dizer que nesse caso n\u00e3o se admira que <a href=\"https:\/\/tvi.iol.pt\/novelas\/videos\/terra-forte-maria-de-fatima-e-manuel-tinham-um-caso\/68f65cdc0cf29d28d82976cb\" rel=\"nofollow noopener\" target=\"_blank\">Maria de F\u00e1tima (Rita Pereira)<\/a> tenha viajado de urg\u00eancia para os A\u00e7ores por aquilo poder acabar com ela.<a href=\"https:\/\/tvi.iol.pt\/novelas\/videos\/maria-de-fatima-toma-decisao-sobre-vivi-esta-demitida\/68f8e7750cf285ab53a6b259\" rel=\"nofollow noopener\" target=\"_blank\"> Vivi (Sofia Nicholson)<\/a> vem do interior muito chocada com aquela novidade.<\/p>\n<p>Marcus diz a Vini para n\u00e3o abrir a boca a Vivi a contar o que descobriu. Vivi olha magoada para Marcus a dizer que sempre gostou muito de Flor, achando que <a href=\"https:\/\/tvi.iol.pt\/novelas\/videos\/terra-forte-manuel-tira-toda-a-fortuna-alvaro\/68f61d3d0cf285ab53a6aafc\" rel=\"nofollow noopener\" target=\"_blank\">Manuel (Ant\u00f3nio Capelo)<\/a>\u00a0at\u00e9 teve o cancro por pensar que ela tinha morrido. Marcus mant\u00e9m-se firme em n\u00e3o contar nada a Vivi. Marcus liga satisfeito para Gl\u00f3ria (Maria Jo\u00e3o Pinho) para se encontrarem.<\/p>\n<p>Vivi pede ajuda a Gl\u00f3ria para descobrir pelo seu irm\u00e3o se \u00e9 mesmo verdade que Flor pode estar viva, dizendo que isso pode significar o seu regresso \u00e0 A\u00e7oreana, achando que ela n\u00e3o vai prescindir dos seus direitos na fam\u00edlia.<\/p>\n<p>De relembrar que Vivi foi despedida por Maria de F\u00e1tima injustamente:<\/p>\n","protected":false},"excerpt":{"rendered":"Em \u00abTerra Forte\u00bb, Vini (Gustavo Alves) assevera a Marcus (Vitor Hugo) ser quase certo que\u00a0Flor (Benedita Pereira)esteja mesmo&hellip;\n","protected":false},"author":2,"featured_media":131102,"comment_status":"","ping_status":"","sticky":false,"template":"","format":"standard","meta":{"footnotes":""},"categories":[142],"tags":[160,29763,166,114,115,157,167,978,29764,164,29765,8598,161,158,165,159,32,33,156,5871,3086,18614,163,151,162,6094,28302],"class_list":{"0":"post-131101","1":"post","2":"type-post","3":"status-publish","4":"format-standard","5":"has-post-thumbnail","7":"category-tv","8":"tag-ana-guiomar","9":"tag-bnedita-pereira","10":"tag-cristina-ferreira","11":"tag-entertainment","12":"tag-entretenimento","13":"tag-festa-e-festa","14":"tag-ficcao","15":"tag-flor","16":"tag-gustavo-alves","17":"tag-jose-fidalgo","18":"tag-marcus","19":"tag-maria-de-fatima","20":"tag-novelas","21":"tag-para-sempre","22":"tag-pedro-sousa","23":"tag-pedro-teixeira","24":"tag-portugal","25":"tag-pt","26":"tag-queridos-papas","27":"tag-rita-pereira","28":"tag-sofia-nicholson","29":"tag-terra-forte","30":"tag-tiago-teotonio-pereira","31":"tag-tv","32":"tag-tvi","33":"tag-vitor-hugo","34":"tag-vivi"},"share_on_mastodon":{"url":"https:\/\/pubeurope.com\/@pt\/115457481978555539","error":""},"_links":{"self":[{"href":"https:\/\/www.europesays.com\/pt\/wp-json\/wp\/v2\/posts\/131101","targetHints":{"allow":["GET"]}}],"collection":[{"href":"https:\/\/www.europesays.com\/pt\/wp-json\/wp\/v2\/posts"}],"about":[{"href":"https:\/\/www.europesays.com\/pt\/wp-json\/wp\/v2\/types\/post"}],"author":[{"embeddable":true,"href":"https:\/\/www.europesays.com\/pt\/wp-json\/wp\/v2\/users\/2"}],"replies":[{"embeddable":true,"href":"https:\/\/www.europesays.com\/pt\/wp-json\/wp\/v2\/comments?post=131101"}],"version-history":[{"count":0,"href":"https:\/\/www.europesays.com\/pt\/wp-json\/wp\/v2\/posts\/131101\/revisions"}],"wp:featuredmedia":[{"embeddable":true,"href":"https:\/\/www.europesays.com\/pt\/wp-json\/wp\/v2\/media\/131102"}],"wp:attachment":[{"href":"https:\/\/www.europesays.com\/pt\/wp-json\/wp\/v2\/media?parent=131101"}],"wp:term":[{"taxonomy":"category","embeddable":true,"href":"https:\/\/www.europesays.com\/pt\/wp-json\/wp\/v2\/categories?post=131101"},{"taxonomy":"post_tag","embeddable":true,"href":"https:\/\/www.europesays.com\/pt\/wp-json\/wp\/v2\/tags?post=131101"}],"curies":[{"name":"wp","href":"https:\/\/api.w.org\/{rel}","templated":true}]}}