{"id":131119,"date":"2025-10-29T12:48:11","date_gmt":"2025-10-29T12:48:11","guid":{"rendered":"https:\/\/www.europesays.com\/pt\/131119\/"},"modified":"2025-10-29T12:48:11","modified_gmt":"2025-10-29T12:48:11","slug":"tensao-maxima-berros-de-ana-e-liliana-obrigam-a-voz-a-acender-as-luzes-de-madrugada-secret-story","status":"publish","type":"post","link":"https:\/\/www.europesays.com\/pt\/131119\/","title":{"rendered":"Tens\u00e3o m\u00e1xima: Berros de Ana e Liliana \u2018obrigam\u2019 a Voz a acender as luzes de madrugada &#8211; Secret Story"},"content":{"rendered":"<p>No Secret Story 9, ap\u00f3s um confronto que est\u00e1 a dar que falar, a casa n\u00e3o sossegou. Em plena madrugada, Ana e Liliana come\u00e7am a discutir fortemente uma com a outra. Gritos, berros e frente a frente reinam na casa. V\u00e1rios insultos e acusa\u00e7\u00f5es s\u00e3o trocadas entre as concorrentes.\u00a0<\/p>\n<p><strong>H\u00e1 seis concorrentes em risco de expuls\u00e3o no pr\u00f3ximo domingo:<\/strong><\/p>\n<p>ANA \u2013 761 20 20 01<br \/>BRUNO \u2013 761 20 20 04<br \/>MARIANA \u2013 761 20 20 15<br \/>MARISA \u2013 761 20 20 16<br \/>MARISA SUSANA \u2013 761 20 20 17<br \/>PEDRO \u2013 761 20 20 18<\/p>\n<p><a href=\"https:\/\/tvi.iol.pt\/secretstory\/aominuto\" rel=\"nofollow noopener\" target=\"_blank\">Acompanhe aqui tudo o que se passa na casa ao minuto!<\/a><\/p>\n","protected":false},"excerpt":{"rendered":"No Secret Story 9, ap\u00f3s um confronto que est\u00e1 a dar que falar, a casa n\u00e3o sossegou. Em&hellip;\n","protected":false},"author":2,"featured_media":131120,"comment_status":"","ping_status":"","sticky":false,"template":"","format":"standard","meta":{"footnotes":""},"categories":[142],"tags":[6340,19374,19373,114,115,19016,19375,32,33,151],"class_list":{"0":"post-131119","1":"post","2":"type-post","3":"status-publish","4":"format-standard","5":"has-post-thumbnail","7":"category-tv","8":"tag-ana","9":"tag-confrontos-concorrentes","10":"tag-discussoes-secret-story","11":"tag-entertainment","12":"tag-entretenimento","13":"tag-liliana","14":"tag-polemicas","15":"tag-portugal","16":"tag-pt","17":"tag-tv"},"share_on_mastodon":{"url":"https:\/\/pubeurope.com\/@pt\/115457537002507385","error":""},"_links":{"self":[{"href":"https:\/\/www.europesays.com\/pt\/wp-json\/wp\/v2\/posts\/131119","targetHints":{"allow":["GET"]}}],"collection":[{"href":"https:\/\/www.europesays.com\/pt\/wp-json\/wp\/v2\/posts"}],"about":[{"href":"https:\/\/www.europesays.com\/pt\/wp-json\/wp\/v2\/types\/post"}],"author":[{"embeddable":true,"href":"https:\/\/www.europesays.com\/pt\/wp-json\/wp\/v2\/users\/2"}],"replies":[{"embeddable":true,"href":"https:\/\/www.europesays.com\/pt\/wp-json\/wp\/v2\/comments?post=131119"}],"version-history":[{"count":0,"href":"https:\/\/www.europesays.com\/pt\/wp-json\/wp\/v2\/posts\/131119\/revisions"}],"wp:featuredmedia":[{"embeddable":true,"href":"https:\/\/www.europesays.com\/pt\/wp-json\/wp\/v2\/media\/131120"}],"wp:attachment":[{"href":"https:\/\/www.europesays.com\/pt\/wp-json\/wp\/v2\/media?parent=131119"}],"wp:term":[{"taxonomy":"category","embeddable":true,"href":"https:\/\/www.europesays.com\/pt\/wp-json\/wp\/v2\/categories?post=131119"},{"taxonomy":"post_tag","embeddable":true,"href":"https:\/\/www.europesays.com\/pt\/wp-json\/wp\/v2\/tags?post=131119"}],"curies":[{"name":"wp","href":"https:\/\/api.w.org\/{rel}","templated":true}]}}