{"id":131121,"date":"2025-10-29T12:50:08","date_gmt":"2025-10-29T12:50:08","guid":{"rendered":"https:\/\/www.europesays.com\/pt\/131121\/"},"modified":"2025-10-29T12:50:08","modified_gmt":"2025-10-29T12:50:08","slug":"astros-de-it-bem-vindos-a-derry-elogiam-a-atuacao-de-bill-skarsgard-como-pennywise-exclusivo","status":"publish","type":"post","link":"https:\/\/www.europesays.com\/pt\/131121\/","title":{"rendered":"Astros de &#8216;IT: Bem-Vindos a Derry&#8217; elogiam a atua\u00e7\u00e3o de Bill Skarsg\u00e5rd como Pennywise [EXCLUSIVO]"},"content":{"rendered":"<p>A s\u00e9rie \u2018<strong>IT: Bem-Vindos a Derry<\/strong>\u2018, pr\u00e9-sequ\u00eancia da franquia \u2018<strong>It: A Coisa<\/strong>\u2018, j\u00e1 estreou seu primeiro cap\u00edtulo na plataforma da\u00a0<strong><a href=\"https:\/\/cinepop.com.br\/tag\/hbo-max\/\" title=\"HBO Max\" rel=\"nofollow noopener\" target=\"_blank\">HBO Max<\/a><\/strong> e na\u00a0<strong>HBO<\/strong> \u2013 e o <strong>CinePOP<\/strong> conversou com os astros <strong>Arian S. Cartaya<\/strong> e<strong> Blake James<\/strong> sobre o trabalho de<strong> <a href=\"https:\/\/cinepop.com.br\/tag\/bill-skarsgard\/\" title=\"Bill Skarsg\u00e5rd\" rel=\"nofollow noopener\" target=\"_blank\">Bill Skarsg\u00e5rd<\/a><\/strong> como Pennywise.<\/p>\n<p>\u201cAcho que \u00e9 s\u00f3 o trabalho dele. Tipo, ele\u2026 interpreta Pennywise t\u00e3o bem e Bill\u2026\u00a0\u00e9 uma pessoa muito legal e carinhosa. Mas tamb\u00e9m gosto do rosto dele e dos seus movimentos e do sorriso dele. Como o sorriso dele \u00e9 a coisa mais assustadora que j\u00e1 vi.\u201d, afirmou Cartaya.<\/p>\n<p>Assista e siga o <a href=\"https:\/\/www.youtube.com\/cinepop?sub_confirmation=1\" target=\"_blank\" rel=\"noopener nofollow\"><strong>CinePOP no Youtube<\/strong><\/a>:<\/p>\n<p>O segundo epis\u00f3dio da atra\u00e7\u00e3o, intitulado\u00a0<strong>\u201cThe Thing on the Dark\u201d<\/strong>, teve sua estreia antecipada na plataforma de\u00a0streaming e ser\u00e1 exibido na pr\u00f3xima <strong>sexta-feira, <\/strong><strong>31 de outubro<\/strong>, a tempo de comemorar o Dia das Bruxas<\/p>\n<p>J\u00e1 no canal pago, o epis\u00f3dio ser\u00e1 exibido em\u00a0<strong>2 de novembro, \u00e0s 22h (hor\u00e1rio de Bras\u00edlia)<\/strong>. <a style=\"font-family: Verdana, BlinkMacSystemFont, -apple-system, &#039;Segoe UI&#039;, Roboto, Oxygen, Ubuntu, Cantarell, &#039;Open Sans&#039;, &#039;Helvetica Neue&#039;, sans-serif;\" href=\"https:\/\/cinepop.com.br\/pennywise-nao-ira-aparecer-nos-primeiros-episodios-de-it-bem-vindos-a-derry-698870\/\" rel=\"nofollow noopener\" target=\"_blank\">Pennywise N\u00c3O ir\u00e1 aparecer nos primeiros epis\u00f3dios de \u2018IT: Bem-Vindos \u00e0 Derry\u2019<\/a><\/p>\n<p>Durante as f\u00e9rias de 1958, em uma pacata cidadezinha chamada Derry, um grupo de sete amigos come\u00e7a a ver coisas bizarras. Um conta que viu um palha\u00e7o, outro que viu uma m\u00famia. Finalmente, acabam descobrindo que estavam todos vendo a mesma coisa: um ser sobrenatural e maligno que pode assumir v\u00e1rias formas. Ele mesmo. O Pennywise.<\/p>\n<p><strong><a href=\"https:\/\/cinepop.com.br\/tag\/bill-skarsgard\/\" title=\"Bill Skarsg\u00e5rd\" rel=\"nofollow noopener\" target=\"_blank\">Bill Skarsg\u00e5rd<\/a> <\/strong>retorna como o ic\u00f4nico Pennywise.<\/p>\n<p>O elenco ainda conta com <strong><a href=\"https:\/\/cinepop.com.br\/tag\/alixandra-fuchs\/\" title=\"Alixandra Fuchs\" rel=\"nofollow noopener\" target=\"_blank\">Alixandra Fuchs<\/a><\/strong> (\u2018Hatfields &amp; McCoys\u2019), <strong><a href=\"https:\/\/cinepop.com.br\/tag\/kimberly-guerrero\/\" title=\"Kimberly Guerrero\" rel=\"nofollow noopener\" target=\"_blank\">Kimberly Guerrero<\/a><\/strong> (\u2018A Inglesa\u2019), <strong><a href=\"https:\/\/cinepop.com.br\/tag\/dorian-grey\/\" title=\"Dorian Grey\" rel=\"nofollow noopener\" target=\"_blank\">Dorian Grey<\/a><\/strong> (\u2018Star Trek: Discovery\u2019), T<strong>homas Mitchell<\/strong> (\u2018Spiral\u2019), <strong><a href=\"https:\/\/cinepop.com.br\/tag\/bj-harrison\/\" title=\"BJ Harrison\" rel=\"nofollow noopener\" target=\"_blank\">BJ Harrison<\/a><\/strong> (\u2018Family Law\u2019), <strong><a href=\"https:\/\/cinepop.com.br\/tag\/peter-outerbridge\/\" title=\"Peter Outerbridge\" rel=\"nofollow noopener\" target=\"_blank\">Peter Outerbridge<\/a><\/strong> (\u2018Jogos Mortais VI\u2019),<strong> <a href=\"https:\/\/cinepop.com.br\/tag\/shane-marriott\/\" title=\"Shane Marriott\" rel=\"nofollow noopener\" target=\"_blank\">Shane Marriott<\/a><\/strong> (\u2018Fargo\u2019), <strong><a href=\"https:\/\/cinepop.com.br\/tag\/chad-rook\/\" title=\"Chad Rook\" rel=\"nofollow noopener\" target=\"_blank\">Chad Rook<\/a><\/strong> (\u2018Joe Pickett\u2019), <strong><a href=\"https:\/\/cinepop.com.br\/tag\/joshua-odjick\/\" title=\"Joshua Odjick\" rel=\"nofollow noopener\" target=\"_blank\">Joshua Odjick<\/a><\/strong> (\u2018Wildhood\u2019) e<strong> <a href=\"https:\/\/cinepop.com.br\/tag\/morningstar-angeline\/\" title=\"Morningstar Angeline\" rel=\"nofollow noopener\" target=\"_blank\">Morningstar Angeline<\/a><\/strong> (\u2018Westworld\u2019). Os f\u00e3s da obra de <strong style=\"font-family: Verdana, BlinkMacSystemFont, -apple-system, 'Segoe UI', Roboto, Oxygen, Ubuntu, Cantarell, 'Open Sans', 'Helvetica Neue', sans-serif;\">Stephen King<\/strong> ter\u00e3o que esperar um pouco mais para mergulhar de volta em Derry.<\/p>\n<p>\u2018<strong>Bem-Vindos a Derry<\/strong>\u2018 tem como produtor executivo <strong><a href=\"https:\/\/cinepop.com.br\/tag\/andy-muschietti\/\" title=\"Andy Muschietti\" rel=\"nofollow noopener\" target=\"_blank\">Andy Muschietti<\/a><\/strong>, o diretor dos dois filmes de 2017 e 2019, ao lado de sua irm\u00e3<strong> Barbara Muschietti<\/strong>.<\/p>\n<p><img loading=\"lazy\" decoding=\"async\" src=\"https:\/\/www.europesays.com\/pt\/wp-content\/uploads\/2025\/10\/it-poster-2.jpeg\" alt=\"\" width=\"983\" height=\"1230\"  \/><\/p>\n","protected":false},"excerpt":{"rendered":"A s\u00e9rie \u2018IT: Bem-Vindos a Derry\u2018, pr\u00e9-sequ\u00eancia da franquia \u2018It: A Coisa\u2018, j\u00e1 estreou seu primeiro cap\u00edtulo na&hellip;\n","protected":false},"author":2,"featured_media":131122,"comment_status":"","ping_status":"","sticky":false,"template":"","format":"standard","meta":{"footnotes":""},"categories":[140],"tags":[17379,29767,29768,29769,29770,16250,29771,29772,29773,29774,29775,114,115,147,148,29776,29777,1583,29778,29779,29780,29781,29782,29783,15631,29784,29785,29786,29787,14209,16101,29788,29789,29790,20068,29791,146,29792,32,33,29793,29794,29795,29796,29797,29798,29799],"class_list":{"0":"post-131121","1":"post","2":"type-post","3":"status-publish","4":"format-standard","5":"has-post-thumbnail","7":"category-filmes","8":"tag-a-freira","9":"tag-alixandra-fuchs","10":"tag-andy-bean","11":"tag-andy-muschietti","12":"tag-bill-hader","13":"tag-bill-skarsgard","14":"tag-bj-harrison","15":"tag-chad-rook","16":"tag-chosen-jacobs","17":"tag-chris-chalk","18":"tag-dorian-grey","19":"tag-entertainment","20":"tag-entretenimento","21":"tag-film","22":"tag-filmes","23":"tag-finn-wolfhard","24":"tag-gary-dauberman","25":"tag-hbo-max","26":"tag-isaiah-mustafa","27":"tag-it-a-coisa-capitulo-2","28":"tag-it-bem-vindos-a-derry","29":"tag-it-chapter-two","30":"tag-jack-dylan-grazer","31":"tag-jaeden-lieberher","32":"tag-james-mcavoy","33":"tag-james-ransone","34":"tag-james-remar","35":"tag-jay-ryan","36":"tag-jeremy-ray-taylor","37":"tag-jessica-chastain","38":"tag-joshua-odjick","39":"tag-jovan-adepo","40":"tag-kimberly-guerrero","41":"tag-madeleine-stowe","42":"tag-mama","43":"tag-morningstar-angeline","44":"tag-movies","45":"tag-peter-outerbridge","46":"tag-portugal","47":"tag-pt","48":"tag-shane-marriott","49":"tag-sophia-lillis","50":"tag-stephen-rider","51":"tag-taylour-paige","52":"tag-thomas-mitchell","53":"tag-welcome-to-derry","54":"tag-wyatt-oleff"},"share_on_mastodon":{"url":"","error":"Validation failed: Text character limit of 500 exceeded"},"_links":{"self":[{"href":"https:\/\/www.europesays.com\/pt\/wp-json\/wp\/v2\/posts\/131121","targetHints":{"allow":["GET"]}}],"collection":[{"href":"https:\/\/www.europesays.com\/pt\/wp-json\/wp\/v2\/posts"}],"about":[{"href":"https:\/\/www.europesays.com\/pt\/wp-json\/wp\/v2\/types\/post"}],"author":[{"embeddable":true,"href":"https:\/\/www.europesays.com\/pt\/wp-json\/wp\/v2\/users\/2"}],"replies":[{"embeddable":true,"href":"https:\/\/www.europesays.com\/pt\/wp-json\/wp\/v2\/comments?post=131121"}],"version-history":[{"count":0,"href":"https:\/\/www.europesays.com\/pt\/wp-json\/wp\/v2\/posts\/131121\/revisions"}],"wp:featuredmedia":[{"embeddable":true,"href":"https:\/\/www.europesays.com\/pt\/wp-json\/wp\/v2\/media\/131122"}],"wp:attachment":[{"href":"https:\/\/www.europesays.com\/pt\/wp-json\/wp\/v2\/media?parent=131121"}],"wp:term":[{"taxonomy":"category","embeddable":true,"href":"https:\/\/www.europesays.com\/pt\/wp-json\/wp\/v2\/categories?post=131121"},{"taxonomy":"post_tag","embeddable":true,"href":"https:\/\/www.europesays.com\/pt\/wp-json\/wp\/v2\/tags?post=131121"}],"curies":[{"name":"wp","href":"https:\/\/api.w.org\/{rel}","templated":true}]}}