{"id":131123,"date":"2025-10-29T12:51:29","date_gmt":"2025-10-29T12:51:29","guid":{"rendered":"https:\/\/www.europesays.com\/pt\/131123\/"},"modified":"2025-10-29T12:51:29","modified_gmt":"2025-10-29T12:51:29","slug":"celtic-interrompe-reforma-do-veterano-treinador-martin-oneill","status":"publish","type":"post","link":"https:\/\/www.europesays.com\/pt\/131123\/","title":{"rendered":"Celtic interrompe reforma do veterano treinador Martin O\u00b4Neill"},"content":{"rendered":"<p>Novo ciclo em Glasgow: <a href=\"https:\/\/www.zerozero.pt\/treinador\/brendan-rodgers\/1646\" target=\"_blank\" rel=\"nofollow noopener\"><strong>Brendan Rodgers<\/strong><\/a> n\u00e3o resistiu aos maus resultados do Celtic e foi substitu\u00eddo pelo experient\u00edssimo <a href=\"https:\/\/www.zerozero.pt\/treinador\/martin-o-neill\/429\" target=\"_blank\" rel=\"nofollow noopener\"><strong>Martin O&#8217;Neill<\/strong><\/a> no comando t\u00e9cnico.\u00a0<\/p>\n<p>O&#8217;Neill, de 73 anos, n\u00e3o trabalhava desde 2019, altura em que abandonou o Nottingham Forest. Seis anos depois, est\u00e1 de volta ao ativo e ser\u00e1 auxiliado por Shaun <a target=\"_black\" style=\"font-weight: bold;\" href=\"https:\/\/www.zerozero.pt\/jogador\/shaun-maloney\/2527\" rel=\"nofollow noopener\">Shaun Maloney<\/a> no trabalho na relva.\u00a0<\/p>\n<p>Pelo menos no imediato, O&#8217;Neill e Maloney s\u00e3o uma op\u00e7\u00e3o transit\u00f3ria para o Celtic, quadro que pode tornar-se definitivo se os resultados ajudarem.\u00a0<\/p>\n<p>\u00abEstou ansioso, estou a sentir aquele nervoso miudinho\u00bb, referiu O&#8217;Neill na confer\u00eancia de imprensa desta ter\u00e7a-feira. \u00abVou fazer o melhor que posso e sei. Interino significa interino. O clube estar\u00e1 \u00e0 procura de algu\u00e9m mais jovem, por isso esta ser\u00e1 uma liga\u00e7\u00e3o de curto prazo.\u00bb<\/p>\n<p>O Celtic est\u00e1 a fazer um mau arranque de \u00e9poca e j\u00e1 tem um atraso de oito pontos para o l\u00edder Hearts, na <a href=\"https:\/\/www.zerozero.pt\/competicao\/liga-escocesa\" target=\"_blank\" rel=\"nofollow noopener\"><strong>Premiership<\/strong><\/a> escocesa.\u00a0<\/p>\n<p>O&#8217;Neill treinou o Celtic de 2000 a 2006, ganhou quatro vezes o campeonato e foi finalista vencido da Ta\u00e7a UEFA em 2003 &#8211; <a href=\"https:\/\/www.zerozero.pt\/jogo\/2003-05-21-fc-porto-celtic\/84757\" target=\"_blank\" rel=\"nofollow noopener\"><strong>o FC Porto venceu 3-2 em Sevilha<\/strong><\/a>.\u00a0<\/p>\n<blockquote class=\"twitter-tweet\"><p>&#13;<\/p>\n<p dir=\"ltr\" lang=\"en\">Welcome back, Martin <a href=\"https:\/\/twitter.com\/hashtag\/CelticFC?src=hash&amp;ref_src=twsrc%5Etfw\" rel=\"nofollow noopener\" target=\"_blank\">#CelticFC<\/a>???? <a href=\"https:\/\/t.co\/ZbWk2lAo6m\" rel=\"nofollow\">pic.twitter.com\/ZbWk2lAo6m<\/a><\/p>\n<p>&#13;<br \/>\n\u2014 Celtic Football Club (@CelticFC) <a href=\"https:\/\/twitter.com\/CelticFC\/status\/1983199693329838214?ref_src=twsrc%5Etfw\" rel=\"nofollow noopener\" target=\"_blank\">October 28, 2025<\/a><\/p><\/blockquote>\n<p><script async src=\"https:\/\/platform.twitter.com\/widgets.js\" charset=\"utf-8\"><\/script><\/p>\n","protected":false},"excerpt":{"rendered":"Novo ciclo em Glasgow: Brendan Rodgers n\u00e3o resistiu aos maus resultados do Celtic e foi substitu\u00eddo pelo experient\u00edssimo&hellip;\n","protected":false},"author":2,"featured_media":131124,"comment_status":"","ping_status":"","sticky":false,"template":"","format":"standard","meta":{"footnotes":""},"categories":[87],"tags":[135,526,524,13,32,33,527,525,134,523],"class_list":{"0":"post-131123","1":"post","2":"type-post","3":"status-publish","4":"format-standard","5":"has-post-thumbnail","7":"category-desporto","8":"tag-desporto","9":"tag-football","10":"tag-futebol","11":"tag-noticias","12":"tag-portugal","13":"tag-pt","14":"tag-resultados","15":"tag-soccer","16":"tag-sports","17":"tag-zerozero"},"share_on_mastodon":{"url":"https:\/\/pubeurope.com\/@pt\/115457549112457542","error":""},"_links":{"self":[{"href":"https:\/\/www.europesays.com\/pt\/wp-json\/wp\/v2\/posts\/131123","targetHints":{"allow":["GET"]}}],"collection":[{"href":"https:\/\/www.europesays.com\/pt\/wp-json\/wp\/v2\/posts"}],"about":[{"href":"https:\/\/www.europesays.com\/pt\/wp-json\/wp\/v2\/types\/post"}],"author":[{"embeddable":true,"href":"https:\/\/www.europesays.com\/pt\/wp-json\/wp\/v2\/users\/2"}],"replies":[{"embeddable":true,"href":"https:\/\/www.europesays.com\/pt\/wp-json\/wp\/v2\/comments?post=131123"}],"version-history":[{"count":0,"href":"https:\/\/www.europesays.com\/pt\/wp-json\/wp\/v2\/posts\/131123\/revisions"}],"wp:featuredmedia":[{"embeddable":true,"href":"https:\/\/www.europesays.com\/pt\/wp-json\/wp\/v2\/media\/131124"}],"wp:attachment":[{"href":"https:\/\/www.europesays.com\/pt\/wp-json\/wp\/v2\/media?parent=131123"}],"wp:term":[{"taxonomy":"category","embeddable":true,"href":"https:\/\/www.europesays.com\/pt\/wp-json\/wp\/v2\/categories?post=131123"},{"taxonomy":"post_tag","embeddable":true,"href":"https:\/\/www.europesays.com\/pt\/wp-json\/wp\/v2\/tags?post=131123"}],"curies":[{"name":"wp","href":"https:\/\/api.w.org\/{rel}","templated":true}]}}