{"id":131133,"date":"2025-10-29T12:57:14","date_gmt":"2025-10-29T12:57:14","guid":{"rendered":"https:\/\/www.europesays.com\/pt\/131133\/"},"modified":"2025-10-29T12:57:14","modified_gmt":"2025-10-29T12:57:14","slug":"em-outubro-faltam-professores-em-480-agrupamentos-de-escolas","status":"publish","type":"post","link":"https:\/\/www.europesays.com\/pt\/131133\/","title":{"rendered":"Em outubro. Faltam professores em 480 agrupamentos de escolas"},"content":{"rendered":"<p>&#13;<br \/>\n<b>&#8220;Um dos problemas mais graves \u00e9 a falta de professores&#8221;<\/b>, reconheceu o ministro da Educa\u00e7\u00e3o, Ci\u00eancia e Inova\u00e7\u00e3o, ao intervir em sede de comiss\u00e3o parlamentar, no \u00e2mbito da aprecia\u00e7\u00e3o na especialidade da proposta de Or\u00e7amento do Estado para o pr\u00f3ximo ano.<\/p>\n<p>          <img decoding=\"async\" itemprop=\"image\" class=\"img-fluid\"   src=\"https:\/\/www.europesays.com\/pt\/wp-content\/uploads\/2025\/10\/1761742634_299_bg_playeraudio_5.jpg\"\/><\/p>\n<p><b>&#8220;A 24 de outubro, n\u00f3s t\u00ednhamos 1.240 hor\u00e1rios por preencher, t\u00ednhamos 480 agrupamentos em que tinham pelo menos um hor\u00e1rio por preencher e t\u00ednhamos 12 agrupamentos que tinham dez ou mais hor\u00e1rios por preencher&#8221;<\/b>, indicou Fernando Alexandre.O n\u00famero avan\u00e7ado pelo titular da pasta da Educa\u00e7\u00e3o pode j\u00e1 estar desatualizado, como admitiu o pr\u00f3prio.&#13;<\/p>\n<p>&#13;<br \/>\nOs 1.240 hor\u00e1rios sem docentes, prosseguiu o governante, &#8220;est\u00e3o todos concentrados&#8221; na Grande Lisboa, na Pen\u00ednsula de Set\u00fabal e em algumas zonas do Alentejo e do Algarve.<\/p>\n<p>O n\u00famero de hor\u00e1rios vazios, afirmou, n\u00e3o permite apurar quantos alunos se encontram sem aulas:<b> &#8220;Muitos de n\u00f3s gostar\u00edamos de saber responder ao n\u00famero de alunos sem aulas. O sistema ainda n\u00e3o est\u00e1 montado para responder a isso. Vai estar. Temos de ter informa\u00e7\u00e3o absolutamente rigorosa&#8221;<\/b>.<\/p>\n<p><b>A proposta de Or\u00e7amento prev\u00ea &#8220;gastar mais 118 milh\u00f5es de euros&#8221; para contrariar a falta de docentes,<\/b> ainda segundo Fernando Alexandre. O ministro da Educa\u00e7\u00e3o lembrou medidas que j\u00e1 vigoram, nomeadamente o apoio \u00e0 desloca\u00e7\u00e3o e um novo concurso externo extraordin\u00e1rio destinado a estabelecimentos de ensino espec\u00edficos.&#13;<br \/>\nA proposta de Or\u00e7amento do Estado para 2026 enquadra&#13;<br \/>\num &#8220;aumento de seis por cento para as \u00e1reas da educa\u00e7\u00e3o, ensino &#13;<br \/>\nsuperior e ci\u00eancia&#8221;, o que equivale a &#8220;mais 621 milh\u00f5es de euros&#8221; &#13;<br \/>\nrelativamente a este ano, observou Fernando Alexandre.&#13;\n<\/p>\n<p>&#13;<br \/>\nOutra medidas passam pelo pagamento do servi\u00e7o docente extraordin\u00e1rio ou permitir que os professores prolonguem a carreira al\u00e9m da aposenta\u00e7\u00e3o. <br \/>&#13;\n<\/p>\n<p>&#13;<br \/>\nNa \u00f3tica do ministro, <b>num universo de &#8220;mais de 128 mil professores, \u00e9 natural que haja sempre hor\u00e1rios por preencher, a quest\u00e3o \u00e9 a rapidez com que \u00e9 preenchido&#8221; cada hor\u00e1rio<\/b>.<\/p>\n<p>c\/ Lusa&#13;<\/p>\n","protected":false},"excerpt":{"rendered":"&#13; &#8220;Um dos problemas mais graves \u00e9 a falta de professores&#8221;, reconheceu o ministro da Educa\u00e7\u00e3o, Ci\u00eancia e&hellip;\n","protected":false},"author":2,"featured_media":131134,"comment_status":"","ping_status":"","sticky":false,"template":"","format":"standard","meta":{"footnotes":""},"categories":[10],"tags":[29801,27,28,539,2859,15,16,14,25,26,21,22,20466,12,13,19,20,4532,32,23,24,4221,33,17,18,29,30,31],"class_list":{"0":"post-131133","1":"post","2":"type-post","3":"status-publish","4":"format-standard","5":"has-post-thumbnail","7":"category-portugal","8":"tag-agrupamentos","9":"tag-breaking-news","10":"tag-breakingnews","11":"tag-educacao","12":"tag-escolas","13":"tag-featured-news","14":"tag-featurednews","15":"tag-headlines","16":"tag-latest-news","17":"tag-latestnews","18":"tag-main-news","19":"tag-mainnews","20":"tag-ministro","21":"tag-news","22":"tag-noticias","23":"tag-noticias-principais","24":"tag-noticiasprincipais","25":"tag-parlamento","26":"tag-portugal","27":"tag-principais-noticias","28":"tag-principaisnoticias","29":"tag-professores","30":"tag-pt","31":"tag-top-stories","32":"tag-topstories","33":"tag-ultimas","34":"tag-ultimas-noticias","35":"tag-ultimasnoticias"},"share_on_mastodon":{"url":"https:\/\/pubeurope.com\/@pt\/115457572868102226","error":""},"_links":{"self":[{"href":"https:\/\/www.europesays.com\/pt\/wp-json\/wp\/v2\/posts\/131133","targetHints":{"allow":["GET"]}}],"collection":[{"href":"https:\/\/www.europesays.com\/pt\/wp-json\/wp\/v2\/posts"}],"about":[{"href":"https:\/\/www.europesays.com\/pt\/wp-json\/wp\/v2\/types\/post"}],"author":[{"embeddable":true,"href":"https:\/\/www.europesays.com\/pt\/wp-json\/wp\/v2\/users\/2"}],"replies":[{"embeddable":true,"href":"https:\/\/www.europesays.com\/pt\/wp-json\/wp\/v2\/comments?post=131133"}],"version-history":[{"count":0,"href":"https:\/\/www.europesays.com\/pt\/wp-json\/wp\/v2\/posts\/131133\/revisions"}],"wp:featuredmedia":[{"embeddable":true,"href":"https:\/\/www.europesays.com\/pt\/wp-json\/wp\/v2\/media\/131134"}],"wp:attachment":[{"href":"https:\/\/www.europesays.com\/pt\/wp-json\/wp\/v2\/media?parent=131133"}],"wp:term":[{"taxonomy":"category","embeddable":true,"href":"https:\/\/www.europesays.com\/pt\/wp-json\/wp\/v2\/categories?post=131133"},{"taxonomy":"post_tag","embeddable":true,"href":"https:\/\/www.europesays.com\/pt\/wp-json\/wp\/v2\/tags?post=131133"}],"curies":[{"name":"wp","href":"https:\/\/api.w.org\/{rel}","templated":true}]}}