{"id":131139,"date":"2025-10-29T13:00:19","date_gmt":"2025-10-29T13:00:19","guid":{"rendered":"https:\/\/www.europesays.com\/pt\/131139\/"},"modified":"2025-10-29T13:00:19","modified_gmt":"2025-10-29T13:00:19","slug":"senadores-franceses-criticam-seguranca-do-louvre-e-exigem-melhorias-apos-assalto","status":"publish","type":"post","link":"https:\/\/www.europesays.com\/pt\/131139\/","title":{"rendered":"Senadores franceses criticam seguran\u00e7a do Louvre e exigem melhorias ap\u00f3s assalto"},"content":{"rendered":"<p>\n         Publicado a<br \/>\n            28\/10\/2025 &#8211; 17:18 GMT+1\n            <\/p>\n<p>Na ter\u00e7a-feira, v\u00e1rios senadores franceses criticaram a seguran\u00e7a do Louvre e apelaram \u00e0 introdu\u00e7\u00e3o de melhorias, na sequ\u00eancia do assalto ao museu no in\u00edcio do m\u00eas em Paris.<\/p>\n<p>No dia 19 de outubro, os assaltantes roubaram joias avaliadas em 88 milh\u00f5es de euros do museu mais visitado do mundo. Demoraram apenas oito minutos a efetuar o roubo.<\/p>\n<p>De acordo com as autoridades francesas, os ladr\u00f5es utilizaram uma plataforma elevat\u00f3ria exterior para escalar a fachada do Louvre, for\u00e7aram uma janela, abriram uma brecha nas vitrinas da exposi\u00e7\u00e3o e fugiram.<\/p>\n<p>O saque incluiu um diadema de safira, um colar e um brinco de um conjunto ligado \u00e0s rainhas do s\u00e9culo XIX Marie-Am\u00e9lie e Hortense.<\/p>\n<p>O roubo diurno de joias centen\u00e1rias de grande valor cultural e monet\u00e1rio chamou a aten\u00e7\u00e3o do mundo pela sua aud\u00e1cia e pelos pormenores que fazem lembrar um enredo de cinema.<\/p>\n<p>Laurent Lafon, presidente da comiss\u00e3o parlamentar da cultura do Senado franc\u00eas, disse aos jornalistas na ter\u00e7a-feira, depois de visitar o Louvre com outros senadores, que &#8220;h\u00e1 muitas melhorias a fazer&#8221; na seguran\u00e7a do museu.<\/p>\n<p>&#8220;O nosso sistema de seguran\u00e7a n\u00e3o corresponde \u00e0s normas atuais&#8221;, afirmou.<\/p>\n<p>Lafon afirmou que houve uma &#8220;falha&#8221; nas c\u00e2maras exteriores que facilitou o assalto, mas n\u00e3o quis fornecer mais pormenores por &#8220;raz\u00f5es de confidencialidade&#8221;.<\/p>\n<p>Os senadores apelaram a um r\u00e1pido in\u00edcio dos trabalhos de renova\u00e7\u00e3o maci\u00e7a j\u00e1 planeados &#8211; e disseram que isso deveria acontecer o mais rapidamente poss\u00edvel, uma vez que o or\u00e7amento franc\u00eas para 2026 est\u00e1 atualmente a ser debatido no parlamento.<\/p>\n<p>O plano de uma d\u00e9cada para ao &#8220;Renascimento&#8221; do Louvre, que inclui melhorias na seguran\u00e7a, foi lan\u00e7ado no in\u00edcio deste ano. Acredita-se que custar\u00e1 at\u00e9 800 milh\u00f5es de euros para modernizar as infra-estruturas, aliviar a aglomera\u00e7\u00e3o e garantir que a Mona Lisa tenha uma galeria dedicada at\u00e9 2031.<\/p>\n<p>A pol\u00edcia deteve dois suspeitos no domingo e est\u00e1 atualmente a interrog\u00e1-los. Os suspeitos n\u00e3o foram identificados.<\/p>\n<p>Um deles foi detido num aeroporto da capital francesa quando tentava sair do pa\u00eds, segundo a procuradora de Paris, Laure Beccuau.<\/p>\n<p>Os dois ladr\u00f5es que entraram no Louvre a 19 de outubro foram ajudados por dois outros, que esperaram no exterior do museu antes de fugirem ao longo do rio Sena, disseram os procuradores, acrescentando que poder\u00e3o ser efetuadas mais deten\u00e7\u00f5es \u00e0 medida que a investiga\u00e7\u00e3o prossegue.<\/p>\n<p>Beccuau disse que foi aberta uma investiga\u00e7\u00e3o sobre potenciais acusa\u00e7\u00f5es de conspira\u00e7\u00e3o criminosa e roubo organizado, que podem implicar multas avultadas e longas penas de pris\u00e3o.<\/p>\n<p>Mais de 100 investigadores est\u00e3o a trabalhar no caso e est\u00e3o a analisar 150 amostras de ADN, imagens de vigil\u00e2ncia e provas deixadas. <\/p>\n<p>A recupera\u00e7\u00e3o das joias poder\u00e1 ser uma das partes mais dif\u00edceis do trabalho dos investigadores. As autoridades francesas inclu\u00edram as joias na Base de Dados de Obras de Arte Roubadas da Interpol, um reposit\u00f3rio global de cerca de 57.000 objetos culturais desaparecidos.<\/p>\n","protected":false},"excerpt":{"rendered":"Publicado a 28\/10\/2025 &#8211; 17:18 GMT+1 Na ter\u00e7a-feira, v\u00e1rios senadores franceses criticaram a seguran\u00e7a do Louvre e apelaram&hellip;\n","protected":false},"author":2,"featured_media":131140,"comment_status":"","ping_status":"","sticky":false,"template":"","format":"standard","meta":{"footnotes":""},"categories":[144],"tags":[207,205,206,203,201,202,204,114,115,208,20754,12926,2458,32,33,5941],"class_list":{"0":"post-131139","1":"post","2":"type-post","3":"status-publish","4":"format-standard","5":"has-post-thumbnail","7":"category-arte-e-design","8":"tag-arte","9":"tag-arte-e-design","10":"tag-artedesign","11":"tag-arts","12":"tag-arts-and-design","13":"tag-artsanddesign","14":"tag-design","15":"tag-entertainment","16":"tag-entretenimento","17":"tag-franca","18":"tag-joalharia","19":"tag-museu-do-louvre","20":"tag-paris","21":"tag-portugal","22":"tag-pt","23":"tag-roubo"},"share_on_mastodon":{"url":"https:\/\/pubeurope.com\/@pt\/115457584217101730","error":""},"_links":{"self":[{"href":"https:\/\/www.europesays.com\/pt\/wp-json\/wp\/v2\/posts\/131139","targetHints":{"allow":["GET"]}}],"collection":[{"href":"https:\/\/www.europesays.com\/pt\/wp-json\/wp\/v2\/posts"}],"about":[{"href":"https:\/\/www.europesays.com\/pt\/wp-json\/wp\/v2\/types\/post"}],"author":[{"embeddable":true,"href":"https:\/\/www.europesays.com\/pt\/wp-json\/wp\/v2\/users\/2"}],"replies":[{"embeddable":true,"href":"https:\/\/www.europesays.com\/pt\/wp-json\/wp\/v2\/comments?post=131139"}],"version-history":[{"count":0,"href":"https:\/\/www.europesays.com\/pt\/wp-json\/wp\/v2\/posts\/131139\/revisions"}],"wp:featuredmedia":[{"embeddable":true,"href":"https:\/\/www.europesays.com\/pt\/wp-json\/wp\/v2\/media\/131140"}],"wp:attachment":[{"href":"https:\/\/www.europesays.com\/pt\/wp-json\/wp\/v2\/media?parent=131139"}],"wp:term":[{"taxonomy":"category","embeddable":true,"href":"https:\/\/www.europesays.com\/pt\/wp-json\/wp\/v2\/categories?post=131139"},{"taxonomy":"post_tag","embeddable":true,"href":"https:\/\/www.europesays.com\/pt\/wp-json\/wp\/v2\/tags?post=131139"}],"curies":[{"name":"wp","href":"https:\/\/api.w.org\/{rel}","templated":true}]}}