{"id":131141,"date":"2025-10-29T13:02:15","date_gmt":"2025-10-29T13:02:15","guid":{"rendered":"https:\/\/www.europesays.com\/pt\/131141\/"},"modified":"2025-10-29T13:02:15","modified_gmt":"2025-10-29T13:02:15","slug":"o-leandro-quer-gritar-marisa-susana-farta-se-da-atitude-do-colega-pela-manha-secret-story","status":"publish","type":"post","link":"https:\/\/www.europesays.com\/pt\/131141\/","title":{"rendered":"\u00abO Leandro quer gritar\u00bb: Marisa Susana farta-se da atitude do colega pela manh\u00e3 &#8211; Secret Story"},"content":{"rendered":"<p>No Secret Story 9, Leandro mostra-se revoltado por causa da falta de organiza\u00e7\u00e3o em rela\u00e7\u00e3o \u00e0 comida utilizada para o pequeno-almo\u00e7o. Marisa Susana perde a paci\u00eancia com o discurso do colega e atira:\u00a0\u00abO Leandro quer gritar\u00bb.<\/p>\n<p><strong>H\u00e1 seis concorrentes em risco de expuls\u00e3o no pr\u00f3ximo domingo:<\/strong><\/p>\n<p>ANA \u2013 761 20 20 01<br \/>BRUNO \u2013 761 20 20 04<br \/>MARIANA \u2013 761 20 20 15<br \/>MARISA \u2013 761 20 20 16<br \/>MARISA SUSANA \u2013 761 20 20 17<br \/>PEDRO \u2013 761 20 20 18<\/p>\n<p><a href=\"https:\/\/tvi.iol.pt\/secretstory\/aominuto\" wbo-id=\"19\" rel=\"nofollow noopener\" target=\"_blank\">Acompanhe aqui tudo o que se passa na casa ao minuto!<\/a><\/p>\n","protected":false},"excerpt":{"rendered":"No Secret Story 9, Leandro mostra-se revoltado por causa da falta de organiza\u00e7\u00e3o em rela\u00e7\u00e3o \u00e0 comida utilizada&hellip;\n","protected":false},"author":2,"featured_media":131142,"comment_status":"","ping_status":"","sticky":false,"template":"","format":"standard","meta":{"footnotes":""},"categories":[142],"tags":[114,115,19033,19153,19034,32,33,151,19032],"class_list":{"0":"post-131141","1":"post","2":"type-post","3":"status-publish","4":"format-standard","5":"has-post-thumbnail","7":"category-tv","8":"tag-entertainment","9":"tag-entretenimento","10":"tag-galas-em-video","11":"tag-marisa-susana","12":"tag-melhores-momentos-casa-dos-segredos","13":"tag-portugal","14":"tag-pt","15":"tag-tv","16":"tag-videos-secret-story-tvi"},"share_on_mastodon":{"url":"https:\/\/pubeurope.com\/@pt\/115457592218078390","error":""},"_links":{"self":[{"href":"https:\/\/www.europesays.com\/pt\/wp-json\/wp\/v2\/posts\/131141","targetHints":{"allow":["GET"]}}],"collection":[{"href":"https:\/\/www.europesays.com\/pt\/wp-json\/wp\/v2\/posts"}],"about":[{"href":"https:\/\/www.europesays.com\/pt\/wp-json\/wp\/v2\/types\/post"}],"author":[{"embeddable":true,"href":"https:\/\/www.europesays.com\/pt\/wp-json\/wp\/v2\/users\/2"}],"replies":[{"embeddable":true,"href":"https:\/\/www.europesays.com\/pt\/wp-json\/wp\/v2\/comments?post=131141"}],"version-history":[{"count":0,"href":"https:\/\/www.europesays.com\/pt\/wp-json\/wp\/v2\/posts\/131141\/revisions"}],"wp:featuredmedia":[{"embeddable":true,"href":"https:\/\/www.europesays.com\/pt\/wp-json\/wp\/v2\/media\/131142"}],"wp:attachment":[{"href":"https:\/\/www.europesays.com\/pt\/wp-json\/wp\/v2\/media?parent=131141"}],"wp:term":[{"taxonomy":"category","embeddable":true,"href":"https:\/\/www.europesays.com\/pt\/wp-json\/wp\/v2\/categories?post=131141"},{"taxonomy":"post_tag","embeddable":true,"href":"https:\/\/www.europesays.com\/pt\/wp-json\/wp\/v2\/tags?post=131141"}],"curies":[{"name":"wp","href":"https:\/\/api.w.org\/{rel}","templated":true}]}}