{"id":131144,"date":"2025-10-29T13:04:15","date_gmt":"2025-10-29T13:04:15","guid":{"rendered":"https:\/\/www.europesays.com\/pt\/131144\/"},"modified":"2025-10-29T13:04:15","modified_gmt":"2025-10-29T13:04:15","slug":"bruce-springsteen-e-ozzy-veja-filmes-astros-do-rock-28-10-2025-streaming","status":"publish","type":"post","link":"https:\/\/www.europesays.com\/pt\/131144\/","title":{"rendered":"Bruce Springsteen e Ozzy: veja filmes astros do rock &#8211; 28\/10\/2025 &#8211; Streaming"},"content":{"rendered":"<p>Chega aos cinemas brasileiros nesta quinta-feira (30) o filme &#8220;Springsteen: Salve-me do Desconhecido&#8221;.<\/p>\n<p>Trata-se de uma cinebiografia de <a href=\"https:\/\/www1.folha.uol.com.br\/ilustrada\/2025\/07\/bruce-springsteen-revive-caminhos-musicais-nunca-percorridos-com-coletanea.shtml\" rel=\"nofollow noopener\" target=\"\">Bruce Springsteen<\/a> com uma caracter\u00edstica que destoa desse modelo. O longa foca no processo criativo de &#8220;<a href=\"https:\/\/www1.folha.uol.com.br\/fsp\/ilustrad\/fq05019903.htm\" rel=\"nofollow noopener\" target=\"\">Nebraska<\/a>&#8221; (1982), um dos principais trabalhos do cantor. Aclamado, o \u00e1lbum tem faixas que falam sobre depress\u00e3o, fracasso e o esfor\u00e7o para manter a autenticidade frente \u00e0 fama.<\/p>\n<p>Dirigido por <a href=\"https:\/\/www1.folha.uol.com.br\/ilustrada\/2015\/11\/1705522-sobriedade-se-revelou-correta-diante-de-historia-tao-fantastica.shtml\" rel=\"nofollow noopener\" target=\"\">Scott Cooper<\/a>, o filme tem <a href=\"https:\/\/f5.folha.uol.com.br\/cinema-e-series\/2023\/10\/jeremy-allen-white-promete-parar-de-ingerir-alcool-como-parte-de-acordo-de-guarda-das-filhas.shtml\" rel=\"nofollow noopener\" target=\"\">Jeremy Allen White<\/a> interpretando o roqueiro. A dura\u00e7\u00e3o \u00e9 de 120 minutos e a classifica\u00e7\u00e3o indicativa \u00e9 de 14 anos.<\/p>\n<p>No clima do lan\u00e7amento, veja seis filmes para conhecer a hist\u00f3ria de astros do <a href=\"https:\/\/www1.folha.uol.com.br\/folha-topicos\/rock\/\" rel=\"nofollow noopener\" target=\"_blank\">rock<\/a> como Elvis, Freddie Mercury e Bob Dylan, dispon\u00edveis no <a href=\"https:\/\/www1.folha.uol.com.br\/folha-topicos\/streaming\/\" rel=\"nofollow noopener\" target=\"_blank\">streaming<\/a>.<\/p>\n<p><a href=\"https:\/\/www1.folha.uol.com.br\/ilustrada\/2019\/01\/globo-de-ouro-consagra-bohemian-rhapsody-e-tem-menos-discursos-engajados.shtml\" rel=\"nofollow noopener\" target=\"\"><strong>Bohemian Rhapsody<\/strong><\/a><br \/>&#13;<br \/>\nBohemian Rhapsody. EUA\/Reino Unido, 2018. Dir.: Bryan Singer. 135 min. 14 anos.<br \/>&#13;<br \/>\nConta a hist\u00f3ria de <a href=\"https:\/\/www1.folha.uol.com.br\/ilustrada\/2025\/09\/suposta-filha-de-freddie-mercury-guia-biografia-dificil-de-acreditar.shtml\" rel=\"nofollow noopener\" target=\"\">Freddie Mercury<\/a> e do Queen, passando pelo in\u00edcio da banda, sua ascens\u00e3o nos anos 1980 e os conflitos internos entre seus membros. Repleta de cl\u00e1ssicos, como &#8220;We Will Rock You&#8221; e &#8220;We Are The Champions&#8221;, conduz o telespectador a uma viagem entre algumas das m\u00fasicas mais populares do rock. O filme conquistou quatro estatuetas no Oscar em 2019, entre elas a de melhor ator pela atua\u00e7\u00e3o de Rami Malek, que interpreta Mercury. Est\u00e1 dispon\u00edvel na <a href=\"https:\/\/f5.folha.uol.com.br\/colunistas\/outro-canal\/2025\/04\/dez-anos-apos-lancamento-globoplay-vai-deixar-de-dar-prejuizo-diz-diretor-da-globo.shtml\" rel=\"nofollow noopener\" target=\"\">Globo Play<\/a>.<\/p>\n<p><strong>Um Completo Desconhecido<\/strong><br \/>&#13;<br \/>\nA Complete Unknow. EUA, 2024. Dir.: James Mangold. 140 min. 14 anos.<br \/>&#13;<br \/>\nEm 1961, Bob Dylan, ent\u00e3o com 19 anos, chega a Nova York para dar in\u00edcio \u00e0 sua carreira musical. A trajet\u00f3ria do jovem Dylan, marcada por mudan\u00e7as constantes de caracter\u00edsticas, ganha retrato em &#8220;Um Completo Desconhecido&#8221;. No longa, Timothe\u00e9 Chalamet interpreta o cantor, que revolucionou o Folk ao inserir elementos eletr\u00f4nicos no estilo \u2013o que influenciou a <a href=\"https:\/\/www1.folha.uol.com.br\/folha-topicos\/musica\/\" rel=\"nofollow noopener\" target=\"_blank\">m\u00fasica<\/a> em todo o mundo. O filme exalta ainda a cena musical nova-iorquina dos anos 1960, amparada na ideia de pacifica\u00e7\u00e3o nos Estados Unidos.<\/p>\n<p><strong>Control<\/strong><br \/>&#13;<br \/>\nControl. EUA\/Inglaterra\/Jap\u00e3o, 2008. Dir.: Anton Corbjin. 116 min. 14 anos<br \/>&#13;<br \/>\nA arquitetura industrial e o contexto oper\u00e1rio da cidade de Manchester, na Inglaterra, formaram terreno para o surgimento do punk nos anos 1970. Da\u00ed surgiu a banda Joy Division liderada por Ian Curtis e retratada no <a href=\"https:\/\/www1.folha.uol.com.br\/fsp\/ilustrad\/fq2305200813.htm\" rel=\"nofollow noopener\" target=\"\">filme &#8220;Control&#8221;<\/a>. O longa, de Anton Corbjin, algu\u00e9m pr\u00f3ximo da banda, mostra a vida particular de Curtis e dramas vividos pelo jovem, como a epilepsia, o caso extraconjugal e a rec\u00e9m-chegada filha. Curtis suicidou-se aos 23 anos, um dia antes de iniciar turn\u00ea com o grupo nos <a href=\"https:\/\/www1.folha.uol.com.br\/folha-topicos\/estados-unidos\/\" rel=\"nofollow noopener\" target=\"_blank\">Estados Unidos<\/a>. &#8220;Control&#8221; est\u00e1 dispon\u00edvel na Mubi.<\/p>\n<p><strong>Elvis<\/strong><br \/>&#13;<br \/>\nElvis. EUA\/Austr\u00e1lia, 2022. Dir.: Baz Luhrmann. 160 min. 14 anos.<br \/>&#13;<br \/>\nAborda vida e carreira de <a href=\"https:\/\/www1.folha.uol.com.br\/folha-topicos\/elvis-presley\/\" rel=\"nofollow noopener\" target=\"_blank\">Elvis Presley<\/a>, protagonizado por Austin Butler. Mas n\u00e3o s\u00f3: o longa tamb\u00e9m <a href=\"https:\/\/www1.folha.uol.com.br\/ilustrada\/2022\/07\/como-elvis-presley-do-filme-biografico-se-compara-ao-cantor-da-vida-real.shtml\" rel=\"nofollow noopener\" target=\"\">destrincha a rela\u00e7\u00e3o<\/a> conturbada do artista, considerado por muitos o pai do rock, com seu empres\u00e1rio, o coronel Tom Parker (Tom Hanks). Com intensidade de cores e efeitos especiais e trilha sonora agressiva, \u00e9 visto pela cr\u00edtica como um filme que apresenta Elvis \u00e0s novas gera\u00e7\u00f5es. Pode ser assistido pela Prime V\u00eddeo.<\/p>\n<p><strong><a href=\"https:\/\/www1.folha.uol.com.br\/folha-topicos\/ozzy-osbourne\/\" rel=\"nofollow noopener\" target=\"_blank\">Ozzy Osbourne<\/a>: No Escape from Now<\/strong><br \/>&#13;<br \/>\nOzzy Osbourne: No Escape from Now. Estados Unidos\/ Reino Unido, 2025. Dir.: Tania Alexander. 120 min. 14 anos<br \/>&#13;<br \/>\nTrata-se de mais um longa sobre a vida de Ozzy (1948-2025), o pr\u00edncipe das trevas que criou o heavy metal junto com o <a href=\"https:\/\/www1.folha.uol.com.br\/folha-topicos\/black-sabbath\/\" rel=\"nofollow noopener\" target=\"_blank\">Black Sabbath<\/a>. O document\u00e1rio acompanha os \u00faltimos seis anos de vida do artista e sua luta contra o Parkinson para voltar aos palcos. Com relatos da esposa Sharon, dos filhos e de astros do rock, como James Hetfield (Metallica), Tom Morello (Rage Against The Machine) e Chad Smith (<a href=\"https:\/\/www1.folha.uol.com.br\/folha-topicos\/red-hot-chili-peppers\/\" rel=\"nofollow noopener\" target=\"_blank\">Red Hot Chili Peppers<\/a>), a obra captura o sofrimento de Ozzy durante o avan\u00e7o da doen\u00e7a, mas tamb\u00e9m a resili\u00eancia e o humor que emprega para lidar com o problema. Dispon\u00edvel no Paramount +.<\/p>\n<p><strong>The Doors<\/strong><br \/>&#13;<br \/>\nThe Doors. EUA\/Fran\u00e7a, 1991. Dir.: Oliver Stone. 138 min. 18 anos.<br \/>&#13;<br \/>\nNarra a hist\u00f3ria de <a href=\"https:\/\/www1.folha.uol.com.br\/fsp\/ilustrad\/fq1608200921.htm\" rel=\"nofollow noopener\" target=\"\">Jim Morrison e do The Doors<\/a>, o grupo de Los Angeles que alcan\u00e7ou a fama de 1967 a 1971, ano em que Morrison morre, aos 27 anos. O longa concentra detalhes da vida do jovem artista, da banda e do cen\u00e1rio art\u00edstico dos Estados Unidos nos anos 1960. Entre as cenas, viagens, bebidas e sexo, conjunto da idealiza\u00e7\u00e3o sexo, drogas e rock n\u2019 roll, um chav\u00e3o que perdurou no g\u00eanero por muitos anos. Dispon\u00edvel no Prime V\u00eddeo.<\/p>\n","protected":false},"excerpt":{"rendered":"Chega aos cinemas brasileiros nesta quinta-feira (30) o filme &#8220;Springsteen: Salve-me do Desconhecido&#8221;. Trata-se de uma cinebiografia de&hellip;\n","protected":false},"author":2,"featured_media":131145,"comment_status":"","ping_status":"","sticky":false,"template":"","format":"standard","meta":{"footnotes":""},"categories":[140],"tags":[240,6172,114,115,147,148,761,213,7711,146,238,32,33,29802,1645,940],"class_list":{"0":"post-131144","1":"post","2":"type-post","3":"status-publish","4":"format-standard","5":"has-post-thumbnail","7":"category-filmes","8":"tag-black-sabbath","9":"tag-elvis-presley","10":"tag-entertainment","11":"tag-entretenimento","12":"tag-film","13":"tag-filmes","14":"tag-guia-folha","15":"tag-msica","16":"tag-metallica","17":"tag-movies","18":"tag-ozzy-osbourne","19":"tag-portugal","20":"tag-pt","21":"tag-red-hot-chili-peppers","22":"tag-rock","23":"tag-streaming"},"share_on_mastodon":{"url":"https:\/\/pubeurope.com\/@pt\/115457600145035719","error":""},"_links":{"self":[{"href":"https:\/\/www.europesays.com\/pt\/wp-json\/wp\/v2\/posts\/131144","targetHints":{"allow":["GET"]}}],"collection":[{"href":"https:\/\/www.europesays.com\/pt\/wp-json\/wp\/v2\/posts"}],"about":[{"href":"https:\/\/www.europesays.com\/pt\/wp-json\/wp\/v2\/types\/post"}],"author":[{"embeddable":true,"href":"https:\/\/www.europesays.com\/pt\/wp-json\/wp\/v2\/users\/2"}],"replies":[{"embeddable":true,"href":"https:\/\/www.europesays.com\/pt\/wp-json\/wp\/v2\/comments?post=131144"}],"version-history":[{"count":0,"href":"https:\/\/www.europesays.com\/pt\/wp-json\/wp\/v2\/posts\/131144\/revisions"}],"wp:featuredmedia":[{"embeddable":true,"href":"https:\/\/www.europesays.com\/pt\/wp-json\/wp\/v2\/media\/131145"}],"wp:attachment":[{"href":"https:\/\/www.europesays.com\/pt\/wp-json\/wp\/v2\/media?parent=131144"}],"wp:term":[{"taxonomy":"category","embeddable":true,"href":"https:\/\/www.europesays.com\/pt\/wp-json\/wp\/v2\/categories?post=131144"},{"taxonomy":"post_tag","embeddable":true,"href":"https:\/\/www.europesays.com\/pt\/wp-json\/wp\/v2\/tags?post=131144"}],"curies":[{"name":"wp","href":"https:\/\/api.w.org\/{rel}","templated":true}]}}