{"id":131146,"date":"2025-10-29T13:05:22","date_gmt":"2025-10-29T13:05:22","guid":{"rendered":"https:\/\/www.europesays.com\/pt\/131146\/"},"modified":"2025-10-29T13:05:22","modified_gmt":"2025-10-29T13:05:22","slug":"deniz-gul-o-novo-heroi-do-dragao-nunca-perdi-motivacao","status":"publish","type":"post","link":"https:\/\/www.europesays.com\/pt\/131146\/","title":{"rendered":"Deniz G\u00fcl, o novo her\u00f3i do Drag\u00e3o: \u00abNunca perdi motiva\u00e7\u00e3o\u00bb"},"content":{"rendered":"<p style=\"margin-bottom:11px\">Her\u00f3i na mais recente vit\u00f3ria do FC Porto na Liga, <a href=\"https:\/\/maisfutebol.iol.pt\/jogo\/aominuto\/moreirense\/fc-porto\/13828235\" target=\"_blank\" rel=\"nofollow noopener\">frente ao Moreirense (2-1)<\/a>, Deniz G\u00fcl concedeu uma entrevista \u00e0 revista Drag\u00f5es em que explica o que mudou no plantel, desde a \u00e9poca passada, e recorda o pux\u00e3o de camisola de Ant\u00f3nio Silva no Cl\u00e1ssico frente ao Benfica (0-0): \u00abToda a gente viu\u2026\u00bb<\/p>\n<p>Com dois golos apontados em nove jogos, o internacional turco j\u00e1 igualou o registo da temporada transata, uma melhoria que atribui ao elevar dos \u00edndices de confian\u00e7a, os seus e os dos restantes companheiros de equipa.<\/p>\n<p>\u00abNa \u00e9poca passada, faltou confian\u00e7a a toda a equipa e \u00e9 muito dif\u00edcil jogar sem ela. Comecei muito bem, mas depois as coisas n\u00e3o correram como queria. Mas aprendi muito\u00bb, salientou G\u00fcl, que nasceu em Estocolmo, h\u00e1 21 anos, mas \u00e9 internacional pela Turquia, cumprindo assim \u00abum sonho de crian\u00e7a\u00bb.<\/p>\n<p>Garantindo que \u00abqueria muito jogar no FC Porto\u00bb desde que o clube manifestou interesse em contrat\u00e1-lo, na \u00e9poca passada, o avan\u00e7ado define-se como \u00abum jogador que quer fazer sofrer o advers\u00e1rio, marcar sempre e jogar mais minutos\u00bb.<\/p>\n<p>Elegendo Zlatan Ibrahimovic como a sua principal refer\u00eancia no futebol, Deniz G\u00fcl nota ainda que tem aprendido com a conviv\u00eancia com Samu e Luuk de Jong no plantel portista. \u00abNunca perdi motiva\u00e7\u00e3o, tento sempre dar o meu melhor. Tenho aprendido algumas coisas com ele\u00bb, referindo-se, aqui, ao internacional neerland\u00eas.<\/p>\n<p>Desportivamente, a \u00e9poca est\u00e1 a ser positiva, individual e coletivamente. \u00abAprendemos muito (com a temporada anterior). Crescemos como jogadores e pessoas. \u00c0s vezes, \u00e9 positivo passar por momentos dif\u00edceis na carreira para aprendermos a superar as adversidades. A partir da\u00ed \u00e9 sempre a crescer\u00bb, explica.<\/p>\n<p>Os golos que apontou levaram a que se <a href=\"https:\/\/maisfutebol.iol.pt\/suecia\/fc-porto\/deniz-gul-elogia-adeptos-do-fc-porto-ja-tinha-uma-musica-antes-de-treinar\" target=\"_blank\" rel=\"nofollow noopener\">voltasse a ouvir a m\u00fasica que os adeptos lhe dedicam<\/a> desde que aterrou na Invicta. \u00abTenho um apre\u00e7o especial pelos adeptos por causa dela\u00bb, admite\u00a0G\u00fcl.<\/p>\n<p>No \u00faltimo Cl\u00e1ssico frente ao Benfica, no Drag\u00e3o, o avan\u00e7ado foi protagonista de um dos lances mais pol\u00e9micos do jogo, perto do minuto 90, quando foi agarrado por Ant\u00f3nio Silva no interior da \u00e1rea encarnada. \u00abToda a gente viu como ele puxou a minha camisola e percebeu que ficou um pen\u00e1lti por assinalar. N\u00e3o devia ser necess\u00e1rio fazer mais barulho, acho que ficou claro\u00bb, sente.<\/p>\n<p>Outro dos epis\u00f3dios marcantes do in\u00edcio da \u00e9poca do FC Porto aconteceu, ainda em agosto, <a href=\"https:\/\/maisfutebol.iol.pt\/futebol\/jorge-costa\/fc-porto-morreu-jorge-costa\" target=\"_blank\" rel=\"nofollow noopener\">com a morte de Jorge Costa<\/a>, gl\u00f3ria do clube e, \u00e0 data, diretor para o futebol dos azuis e brancos. \u00abFoi um dia muito triste para todos os portistas e para o pa\u00eds. Foram tempos dif\u00edceis e ainda sentimos a presen\u00e7a dele no nosso meio. Vamos lutar por ele e queremos dedicar-lhe t\u00edtulos\u00bb, recordou Deniz G\u00fcl.<\/p>\n","protected":false},"excerpt":{"rendered":"Her\u00f3i na mais recente vit\u00f3ria do FC Porto na Liga, frente ao Moreirense (2-1), Deniz G\u00fcl concedeu uma&hellip;\n","protected":false},"author":2,"featured_media":131147,"comment_status":"","ping_status":"","sticky":false,"template":"","format":"standard","meta":{"footnotes":""},"categories":[87],"tags":[19732,135,282,9445,524,6878,36,1356,46,32,33,47,134],"class_list":{"0":"post-131146","1":"post","2":"type-post","3":"status-publish","4":"format-standard","5":"has-post-thumbnail","7":"category-desporto","8":"tag-deniz-gul","9":"tag-desporto","10":"tag-fc-porto","11":"tag-fcp","12":"tag-futebol","13":"tag-futebol-clube-do-porto","14":"tag-liga","15":"tag-mais-futebol","16":"tag-maisfutebol","17":"tag-portugal","18":"tag-pt","19":"tag-pura-paixao","20":"tag-sports"},"share_on_mastodon":{"url":"https:\/\/pubeurope.com\/@pt\/115457604125739064","error":""},"_links":{"self":[{"href":"https:\/\/www.europesays.com\/pt\/wp-json\/wp\/v2\/posts\/131146","targetHints":{"allow":["GET"]}}],"collection":[{"href":"https:\/\/www.europesays.com\/pt\/wp-json\/wp\/v2\/posts"}],"about":[{"href":"https:\/\/www.europesays.com\/pt\/wp-json\/wp\/v2\/types\/post"}],"author":[{"embeddable":true,"href":"https:\/\/www.europesays.com\/pt\/wp-json\/wp\/v2\/users\/2"}],"replies":[{"embeddable":true,"href":"https:\/\/www.europesays.com\/pt\/wp-json\/wp\/v2\/comments?post=131146"}],"version-history":[{"count":0,"href":"https:\/\/www.europesays.com\/pt\/wp-json\/wp\/v2\/posts\/131146\/revisions"}],"wp:featuredmedia":[{"embeddable":true,"href":"https:\/\/www.europesays.com\/pt\/wp-json\/wp\/v2\/media\/131147"}],"wp:attachment":[{"href":"https:\/\/www.europesays.com\/pt\/wp-json\/wp\/v2\/media?parent=131146"}],"wp:term":[{"taxonomy":"category","embeddable":true,"href":"https:\/\/www.europesays.com\/pt\/wp-json\/wp\/v2\/categories?post=131146"},{"taxonomy":"post_tag","embeddable":true,"href":"https:\/\/www.europesays.com\/pt\/wp-json\/wp\/v2\/tags?post=131146"}],"curies":[{"name":"wp","href":"https:\/\/api.w.org\/{rel}","templated":true}]}}