{"id":131150,"date":"2025-10-29T13:07:13","date_gmt":"2025-10-29T13:07:13","guid":{"rendered":"https:\/\/www.europesays.com\/pt\/131150\/"},"modified":"2025-10-29T13:07:13","modified_gmt":"2025-10-29T13:07:13","slug":"ana-castela-perde-primos-durante-digressao-em-portugal","status":"publish","type":"post","link":"https:\/\/www.europesays.com\/pt\/131150\/","title":{"rendered":"Ana Castela perde primos durante digress\u00e3o em Portugal"},"content":{"rendered":"<p data-remotead-prev-elm=\"true\" data-remotead-elm-id=\"inread\">A passagem de Ana Castela por Portugal, com concertos na Super Bock Arena, no Porto, e na MEO Arena, em Lisboa, ficou marcada por trag\u00e9dias familiares do outro lado do Atl\u00e2ntico.<\/p>\n<p>A prima da cantora, Paula Castela, de 36 anos, sofreu complica\u00e7\u00f5es durante a gravidez, que levaram a um parto prematuro no dia 23 de outubro. Apesar dos cuidados m\u00e9dicos, a advogada n\u00e3o resistiu \u00e0s novas complica\u00e7\u00f5es ap\u00f3s o nascimento do beb\u00e9.<\/p>\n<p>O beb\u00e9, Levi, nasceu prematuro e esteve internado na Unidade de Terapia Intensiva (UTI) neonatal em Cuiab\u00e1, no estado brasileiro de Mato Grosso. No fim de semana, a fam\u00edlia confirmou a morte da crian\u00e7a. Durante este per\u00edodo, Ana Castela chegou a apelar nas redes sociais por doa\u00e7\u00f5es de sangue para a prima.<\/p>\n<p>Desabafo nas redes<\/p>\n<p data-remotead-prev-elm=\"true\" data-remotead-elm-id=\"centro1\">O marido de Paula, Thiago de Souza, abriu o cora\u00e7\u00e3o nas redes sociais: &#8220;Agrade\u00e7o a Deus, que \u00e9 fonte de toda gra\u00e7a e sabedoria, pela b\u00ean\u00e7\u00e3o que foi a vida de nosso amado filho Levi. Embora ele tenha permanecido conosco por t\u00e3o poucos dias, o amor e a luz que ele trouxe para nossas vidas s\u00e3o imensur\u00e1veis.&#8221;<\/p>\n<p>&#8220;Agrade\u00e7o tamb\u00e9m \u00e0 minha linda esposa, que agora repousa no c\u00e9u. O seu cora\u00e7\u00e3o enche-se de gratid\u00e3o por tudo o que ela foi, e ainda \u00e9, em minha vida. Sei que ambos est\u00e3o em paz, ao lado de Deus&#8221;, acrescentou.<\/p>\n<p>Thiago garantiu ainda que seguir\u00e1 forte para cuidar da filha mais velha do casal, L\u00eddia, mantendo a mem\u00f3ria da esposa e do filho viva no cora\u00e7\u00e3o da fam\u00edlia.<\/p>\n<p>Ap\u00f3s os concertos em Portugal, Ana Castela j\u00e1 regressou ao Brasil, onde foi recebida pelo namorado, o m\u00fasico Z\u00e9 Felipe.<\/p>\n","protected":false},"excerpt":{"rendered":"A passagem de Ana Castela por Portugal, com concertos na Super Bock Arena, no Porto, e na MEO&hellip;\n","protected":false},"author":2,"featured_media":131151,"comment_status":"","ping_status":"","sticky":false,"template":"","format":"standard","meta":{"footnotes":""},"categories":[85],"tags":[13762,726,114,115,981,1339,150,712,32,33],"class_list":{"0":"post-131150","1":"post","2":"type-post","3":"status-publish","4":"format-standard","5":"has-post-thumbnail","7":"category-entretenimento","8":"tag-ana-castela","9":"tag-brasil","10":"tag-entertainment","11":"tag-entretenimento","12":"tag-familia","13":"tag-luto","14":"tag-musica","15":"tag-pessoas","16":"tag-portugal","17":"tag-pt"},"share_on_mastodon":{"url":"https:\/\/pubeurope.com\/@pt\/115457612031908092","error":""},"_links":{"self":[{"href":"https:\/\/www.europesays.com\/pt\/wp-json\/wp\/v2\/posts\/131150","targetHints":{"allow":["GET"]}}],"collection":[{"href":"https:\/\/www.europesays.com\/pt\/wp-json\/wp\/v2\/posts"}],"about":[{"href":"https:\/\/www.europesays.com\/pt\/wp-json\/wp\/v2\/types\/post"}],"author":[{"embeddable":true,"href":"https:\/\/www.europesays.com\/pt\/wp-json\/wp\/v2\/users\/2"}],"replies":[{"embeddable":true,"href":"https:\/\/www.europesays.com\/pt\/wp-json\/wp\/v2\/comments?post=131150"}],"version-history":[{"count":0,"href":"https:\/\/www.europesays.com\/pt\/wp-json\/wp\/v2\/posts\/131150\/revisions"}],"wp:featuredmedia":[{"embeddable":true,"href":"https:\/\/www.europesays.com\/pt\/wp-json\/wp\/v2\/media\/131151"}],"wp:attachment":[{"href":"https:\/\/www.europesays.com\/pt\/wp-json\/wp\/v2\/media?parent=131150"}],"wp:term":[{"taxonomy":"category","embeddable":true,"href":"https:\/\/www.europesays.com\/pt\/wp-json\/wp\/v2\/categories?post=131150"},{"taxonomy":"post_tag","embeddable":true,"href":"https:\/\/www.europesays.com\/pt\/wp-json\/wp\/v2\/tags?post=131150"}],"curies":[{"name":"wp","href":"https:\/\/api.w.org\/{rel}","templated":true}]}}