{"id":131156,"date":"2025-10-29T13:10:16","date_gmt":"2025-10-29T13:10:16","guid":{"rendered":"https:\/\/www.europesays.com\/pt\/131156\/"},"modified":"2025-10-29T13:10:16","modified_gmt":"2025-10-29T13:10:16","slug":"quadro-sombrio-e-inegavel-aumento-da-temperatura-mata-uma-pessoa-por-minuto-em-todo-o-mundo","status":"publish","type":"post","link":"https:\/\/www.europesays.com\/pt\/131156\/","title":{"rendered":"&#8220;Quadro sombrio e ineg\u00e1vel&#8221;. Aumento da temperatura mata uma pessoa por minuto em todo o mundo"},"content":{"rendered":"<p>                O <a href=\"https:\/\/www.thelancet.com\/journals\/lancet\/article\/PIIS0140-6736(25)01919-1\/abstract\" target=\"_blank\" rel=\"nofollow noopener\">relat\u00f3rio<\/a> indica que <b>a taxa de mortes relacionadas com o calor aumentou 23 por cento desde a d\u00e9cada de 1990<\/b>, alcan\u00e7ando uma m\u00e9dia de 546 mil \u00f3bitos por ano entre 2012 e 2021.<\/p>\n<p>\u201cIsto equivale aproximadamente a uma morte relacionada com o calor a cada minuto ao longo do ano. \u00c9 um n\u00famero realmente alarmante e que est\u00e1 a aumentar\u201d, <a href=\"https:\/\/www.theguardian.com\/environment\/2025\/oct\/29\/rising-heat-kills-one-person-a-minute-worldwide-lancet-countdown\" target=\"_blank\" rel=\"nofollow noopener\">vincou<\/a> um dos investigadores, Ollie Jay, citado pelo Guardian.<\/p>\n<p><b>Nos \u00faltimos quatro anos, cada pessoa foi exposta, em m\u00e9dia, a 19 dias por ano de calor com risco de vida.<\/b> Dezasseis desses dias n\u00e3o teriam ocorrido sem o aquecimento global causado pela m\u00e3o humana, sugere o relat\u00f3rio.<\/p>\n<p>O documento alerta ainda que a depend\u00eancia dos combust\u00edveis f\u00f3sseis causa polui\u00e7\u00e3o atmosf\u00e9rica t\u00f3xica, inc\u00eandios florestais e a propaga\u00e7\u00e3o de doen\u00e7as como a dengue, matando milh\u00f5es de pessoas todos os anos.<\/p>\n<p>Por outro lado, a redu\u00e7\u00e3o da queima de carv\u00e3o salvou cerca de 400 vidas por dia na \u00faltima d\u00e9cada, segundo os investigadores.<\/p>\n<p>&#13;<br \/>\n\u201c<b>Este relat\u00f3rio tra\u00e7a um quadro sombrio e ineg\u00e1vel dos danos devastadores \u00e0 sa\u00fade que chegam a pessoas de todos os cantos do mundo.<\/b> A destrui\u00e7\u00e3o de vidas e meios de subsist\u00eancia continuar\u00e1 a aumentar at\u00e9 que acabemos com a nossa depend\u00eancia dos combust\u00edveis f\u00f3sseis\u201d, alertou a l\u00edder deste estudo, Marina Romanello, tamb\u00e9m citada pelo Guardian.&#13;\n<\/p>\n<p>&#13;<br \/>\nMilh\u00f5es de mortes &#8220;sem necessidade&#8221;&#13;\n<\/p>\n<p>\nOs investigadores conclu\u00edram ainda que, em 2023, <b>os governos de todo o mundo distribu\u00edram cerca de 2,3 mil milh\u00f5es de euros por dia em subs\u00eddios diretos a empresas de combust\u00edveis f\u00f3sseis<\/b>. Ao mesmo tempo, as popula\u00e7\u00f5es perderam aproximadamente a mesma quantia devido \u00e0s elevadas temperaturas que as impediram de trabalhar na agricultura e constru\u00e7\u00e3o.<\/p>\n<p>No geral, a exposi\u00e7\u00e3o a altas temperaturas resultou num recorde de 639 mil milh\u00f5es de horas de trabalho perdidas em 2024, o que causou perdas de seis por cento do PIB nacional nos pa\u00edses menos desenvolvidos.<\/p>\n<p>\u201cEstamos a ver<b> milh\u00f5es de mortes a ocorrer sem necessidade todos os anos<\/b> devido ao nosso atraso em mitigar as altera\u00e7\u00f5es clim\u00e1ticas e ao nosso atraso em adaptarmo-nos \u00e0s altera\u00e7\u00f5es clim\u00e1ticas que n\u00e3o podem ser evitadas. Estamos a assistir a l\u00edderes importantes, governos e empresas a recuarem nos compromissos clim\u00e1ticos e a colocarem as pessoas cada vez mais em risco\u201d, acrescentou Romanello.<\/p>\n<p>A edi\u00e7\u00e3o de 2025 do Lancet Countdown on Health and Climate Change foi liderada pela University College London em colabora\u00e7\u00e3o com a Organiza\u00e7\u00e3o Mundial da Sa\u00fade e produzida por 128 especialistas de mais de 70 institui\u00e7\u00f5es acad\u00e9micas e ag\u00eancias da ONU.<\/p>\n<p>c\/ ag\u00eancias&#13;\n            <\/p>\n","protected":false},"excerpt":{"rendered":"O relat\u00f3rio indica que a taxa de mortes relacionadas com o calor aumentou 23 por cento desde a&hellip;\n","protected":false},"author":2,"featured_media":131157,"comment_status":"","ping_status":"","sticky":false,"template":"","format":"standard","meta":{"footnotes":""},"categories":[50],"tags":[27,28,2834,2271,15,16,14,29804,25,26,21,22,3912,62,12,13,19,20,28820,23,24,7806,17,18,29,30,31,63,64,65],"class_list":{"0":"post-131156","1":"post","2":"type-post","3":"status-publish","4":"format-standard","5":"has-post-thumbnail","7":"category-mundo","8":"tag-breaking-news","9":"tag-breakingnews","10":"tag-calor","11":"tag-clima","12":"tag-featured-news","13":"tag-featurednews","14":"tag-headlines","15":"tag-lancet","16":"tag-latest-news","17":"tag-latestnews","18":"tag-main-news","19":"tag-mainnews","20":"tag-mortes","21":"tag-mundo","22":"tag-news","23":"tag-noticias","24":"tag-noticias-principais","25":"tag-noticiasprincipais","26":"tag-petroliferas","27":"tag-principais-noticias","28":"tag-principaisnoticias","29":"tag-temperatura","30":"tag-top-stories","31":"tag-topstories","32":"tag-ultimas","33":"tag-ultimas-noticias","34":"tag-ultimasnoticias","35":"tag-world","36":"tag-world-news","37":"tag-worldnews"},"share_on_mastodon":{"url":"https:\/\/pubeurope.com\/@pt\/115457623524705437","error":""},"_links":{"self":[{"href":"https:\/\/www.europesays.com\/pt\/wp-json\/wp\/v2\/posts\/131156","targetHints":{"allow":["GET"]}}],"collection":[{"href":"https:\/\/www.europesays.com\/pt\/wp-json\/wp\/v2\/posts"}],"about":[{"href":"https:\/\/www.europesays.com\/pt\/wp-json\/wp\/v2\/types\/post"}],"author":[{"embeddable":true,"href":"https:\/\/www.europesays.com\/pt\/wp-json\/wp\/v2\/users\/2"}],"replies":[{"embeddable":true,"href":"https:\/\/www.europesays.com\/pt\/wp-json\/wp\/v2\/comments?post=131156"}],"version-history":[{"count":0,"href":"https:\/\/www.europesays.com\/pt\/wp-json\/wp\/v2\/posts\/131156\/revisions"}],"wp:featuredmedia":[{"embeddable":true,"href":"https:\/\/www.europesays.com\/pt\/wp-json\/wp\/v2\/media\/131157"}],"wp:attachment":[{"href":"https:\/\/www.europesays.com\/pt\/wp-json\/wp\/v2\/media?parent=131156"}],"wp:term":[{"taxonomy":"category","embeddable":true,"href":"https:\/\/www.europesays.com\/pt\/wp-json\/wp\/v2\/categories?post=131156"},{"taxonomy":"post_tag","embeddable":true,"href":"https:\/\/www.europesays.com\/pt\/wp-json\/wp\/v2\/tags?post=131156"}],"curies":[{"name":"wp","href":"https:\/\/api.w.org\/{rel}","templated":true}]}}