{"id":131158,"date":"2025-10-29T13:12:36","date_gmt":"2025-10-29T13:12:36","guid":{"rendered":"https:\/\/www.europesays.com\/pt\/131158\/"},"modified":"2025-10-29T13:12:36","modified_gmt":"2025-10-29T13:12:36","slug":"netanyahu-ordena-fortes-ataques-na-faixa-de-gaza","status":"publish","type":"post","link":"https:\/\/www.europesays.com\/pt\/131158\/","title":{"rendered":"Netanyahu ordena &#8220;fortes ataques&#8221; na Faixa de Gaza"},"content":{"rendered":"<p data-remotead-prev-elm=\"true\" data-remotead-elm-id=\"inread\">&#8220;Ap\u00f3s a conclus\u00e3o das consultas de seguran\u00e7a, o primeiro-ministro ordenou aos militares que realizem imediatamente fortes ataques na Faixa de Gaza&#8221;, referiu um breve comunicado divulgado pelo gabinete de Netanyahu.<\/p>\n<p>A reuni\u00e3o foi convocada depois de Israel ter acusado o grupo islamita palestiniano Hamas de devolver restos mortais que, ap\u00f3s exames forenses, foram identificados como pertencentes a um ref\u00e9m que j\u00e1 tinha sido recuperado em novembro de 2023.<\/p>\n<p>Tamb\u00e9m hoje, o Ex\u00e9rcito israelita indicou que respondeu com fogo de artilharia a um alegado ataque do Hamas contra as suas tropas na regi\u00e3o de Rafah, no sul da Faixa de Gaza.<\/p>\n<p data-remotead-prev-elm=\"true\" data-remotead-elm-id=\"centro1\">Anteriormente, o bra\u00e7o armado do Hamas tinha anunciado para hoje a devolu\u00e7\u00e3o de um corpo de um ref\u00e9m ainda mantido na Faixa de Gaza, depois de Israel amea\u00e7ar com &#8220;graves repercuss\u00f5es&#8221; devido ao incidente com a \u00faltima entrega.<\/p>\n<p>De acordo com a an\u00e1lise forense, os restos mortais devolvidos na segunda-feira \u00e0 noite pertencem ao antigo ref\u00e9m Ofir Tzarfati, que foi levado nos ataques liderados pelo Hamas no sul de Israel em 7 de outubro de 2023 e que morreu pouco tempo depois na Faixa de Gaza.<\/p>\n<p>Israel condenou o caso como &#8220;uma clara viola\u00e7\u00e3o do acordo&#8221; do cessar-fogo com o Hamas, em vigor desde 10 de outubro, segundo um comunicado hoje divulgado pelo gabinete de Netanyahu, que anunciava a reuni\u00e3o de urg\u00eancia com respons\u00e1veis do setor da seguran\u00e7a.<\/p>\n<p data-remotead-prev-elm=\"true\" data-remotead-elm-id=\"centro2\">Antes do encontro, a porta-voz do Governo israelita, Shosh Bedrosian, informou que os participantes iriam discutir &#8220;as graves repercuss\u00f5es que o grupo terrorista vai agora enfrentar&#8221;.<\/p>\n<p>Imagens gravadas por um drone israelita, segundo a porta-voz, mostram militantes do Hamas a depositar os restos mortais de um ref\u00e9m numa vala antes de alertar a Cruz Vermelha para a descoberta do corpo.<\/p>\n<p>Estes restos mortais, prosseguiu, pertenciam a Ofir Tzarfati.<\/p>\n<p data-remotead-prev-elm=\"true\" data-remotead-elm-id=\"centro3\">Por sua vez, o Governo da Faixa de Gaza, controlado pelo Hamas, acusou Israel de cometer mais de 125 viola\u00e7\u00f5es desde que a tr\u00e9gua entrou em vigor, incluindo bombardeamentos, tiroteios e deten\u00e7\u00f5es.<\/p>\n<p>No total, Israel matou 94 habitantes e feriu mais de 300 desde 10 de outubro, de acordo com o Minist\u00e9rio da Sa\u00fade do territ\u00f3rio.<\/p>\n<p>No \u00e2mbito do entendimento, o Hamas devolveu os \u00faltimos 20 ref\u00e9ns vivos que mantinha no enclave palestiniano, mas apenas 15 dos 28 que estavam mortos, alegando dificuldades em encontrar os corpos entre os escombros do territ\u00f3rio devastado por mais de dois anos de conflito.<\/p>\n<p data-remotead-prev-elm=\"true\" data-remotead-elm-id=\"centro4\">Em troca dos ref\u00e9ns, Israel libertou quase dois mil presos palestinianos e entregou 195 corpos.<\/p>\n<p>A primeira fase do acordo prev\u00ea a retirada parcial das for\u00e7as israelitas do enclave e o acesso de ajuda humanit\u00e1ria ao territ\u00f3rio.<\/p>\n<p>A tr\u00e9gua j\u00e1 tinha sido testada pela viol\u00eancia na Faixa de Gaza em 19 de outubro, a mais grave desde que entrou em vigor.<\/p>\n<p data-remotead-prev-elm=\"true\" data-remotead-elm-id=\"centro5\">Em retalia\u00e7\u00e3o \u00e0 morte a tiro de dois soldados, Israel realizou intensos ataques a\u00e9reos no territ\u00f3rio, acusando o Hamas de violar o cessar-fogo.<\/p>\n<p>O grupo palestiniano negou e, por sua vez, devolveu a acusa\u00e7\u00e3o a Israel, numa pretensa busca de &#8220;pretextos para bombardear&#8221;.<\/p>\n<p>A etapa seguinte do entendimento, ainda por acordar, prev\u00ea a continua\u00e7\u00e3o da retirada israelita, o desarmamento do Hamas, bem como a reconstru\u00e7\u00e3o e a futura governa\u00e7\u00e3o do enclave.<\/p>\n<p data-remotead-prev-elm=\"true\" data-remotead-elm-id=\"centro6\">A guerra na Faixa de Gaza foi desencadeada pelos ataques liderados pelo Hamas em 7 de outubro de 2023 no sul de Israel, nos quais morreram cerca de 1.200 pessoas e 251 foram feitas ref\u00e9ns.<\/p>\n<p>Em retalia\u00e7\u00e3o, Israel lan\u00e7ou uma opera\u00e7\u00e3o militar em grande escala na Faixa de Gaza, que provocou mais de 68 mil mortos, segundo as autoridades locais controladas pelo Hamas, a destrui\u00e7\u00e3o de quase todas as infraestruturas do territ\u00f3rio e a desloca\u00e7\u00e3o for\u00e7ada de centenas de milhares de pessoas.<\/p>\n","protected":false},"excerpt":{"rendered":"&#8220;Ap\u00f3s a conclus\u00e3o das consultas de seguran\u00e7a, o primeiro-ministro ordenou aos militares que realizem imediatamente fortes ataques na&hellip;\n","protected":false},"author":2,"featured_media":131159,"comment_status":"","ping_status":"","sticky":false,"template":"","format":"standard","meta":{"footnotes":""},"categories":[8],"tags":[258,27,28,311,257,15,16,532,14,259,25,26,21,22,62,12,13,19,20,32,23,24,33,17,18,29,30,31],"class_list":{"0":"post-131158","1":"post","2":"type-post","3":"status-publish","4":"format-standard","5":"has-post-thumbnail","7":"category-principais-noticias","8":"tag-benjamin-netanyahu","9":"tag-breaking-news","10":"tag-breakingnews","11":"tag-conflito-israelo-palestiniano","12":"tag-faixa-de-gaza","13":"tag-featured-news","14":"tag-featurednews","15":"tag-gaza","16":"tag-headlines","17":"tag-israel","18":"tag-latest-news","19":"tag-latestnews","20":"tag-main-news","21":"tag-mainnews","22":"tag-mundo","23":"tag-news","24":"tag-noticias","25":"tag-noticias-principais","26":"tag-noticiasprincipais","27":"tag-portugal","28":"tag-principais-noticias","29":"tag-principaisnoticias","30":"tag-pt","31":"tag-top-stories","32":"tag-topstories","33":"tag-ultimas","34":"tag-ultimas-noticias","35":"tag-ultimasnoticias"},"share_on_mastodon":{"url":"https:\/\/pubeurope.com\/@pt\/115457631565892441","error":""},"_links":{"self":[{"href":"https:\/\/www.europesays.com\/pt\/wp-json\/wp\/v2\/posts\/131158","targetHints":{"allow":["GET"]}}],"collection":[{"href":"https:\/\/www.europesays.com\/pt\/wp-json\/wp\/v2\/posts"}],"about":[{"href":"https:\/\/www.europesays.com\/pt\/wp-json\/wp\/v2\/types\/post"}],"author":[{"embeddable":true,"href":"https:\/\/www.europesays.com\/pt\/wp-json\/wp\/v2\/users\/2"}],"replies":[{"embeddable":true,"href":"https:\/\/www.europesays.com\/pt\/wp-json\/wp\/v2\/comments?post=131158"}],"version-history":[{"count":0,"href":"https:\/\/www.europesays.com\/pt\/wp-json\/wp\/v2\/posts\/131158\/revisions"}],"wp:featuredmedia":[{"embeddable":true,"href":"https:\/\/www.europesays.com\/pt\/wp-json\/wp\/v2\/media\/131159"}],"wp:attachment":[{"href":"https:\/\/www.europesays.com\/pt\/wp-json\/wp\/v2\/media?parent=131158"}],"wp:term":[{"taxonomy":"category","embeddable":true,"href":"https:\/\/www.europesays.com\/pt\/wp-json\/wp\/v2\/categories?post=131158"},{"taxonomy":"post_tag","embeddable":true,"href":"https:\/\/www.europesays.com\/pt\/wp-json\/wp\/v2\/tags?post=131158"}],"curies":[{"name":"wp","href":"https:\/\/api.w.org\/{rel}","templated":true}]}}