{"id":131160,"date":"2025-10-29T13:13:12","date_gmt":"2025-10-29T13:13:12","guid":{"rendered":"https:\/\/www.europesays.com\/pt\/131160\/"},"modified":"2025-10-29T13:13:12","modified_gmt":"2025-10-29T13:13:12","slug":"andressa-urach-fala-sobre-filme-quente-do-pai-com-outro-homem-e-f","status":"publish","type":"post","link":"https:\/\/www.europesays.com\/pt\/131160\/","title":{"rendered":"Andressa Urach fala sobre filme quente do pai com outro homem e f"},"content":{"rendered":"<p>Nesta ter\u00e7a-feira (28\/10), Andressa Urach participou do Novapo Podcast e decidiu comentar sobre seu pai, Carlos Urach, que recentemente se tornou not\u00edcia ap\u00f3s gravar um filme adulto com Rafa Marttinz. &#8220;Gravaram no mesmo local, por\u00e9m a informa\u00e7\u00e3o passada foi de que meu pai teria dado o brioco pra ele, o que \u00e9 mentira&#8221;, afirmou a famosa.<\/p>\n<p>\u201cMeu pai n\u00e3o deu o brioco pra ele, meu pai t\u00e1 doido, ele quer esganar ele. Existe um combinado, mas o Rafael fez a m\u00eddia do jeito que ele queria, ent\u00e3o ele exagerou. Meu pai \u00e9 um senhor, uma pessoa humilde, do interior, ent\u00e3o o Rafael meio que deu uma enganada nele ali para fazer o v\u00eddeo, como se fosse um v\u00eddeo normal, sentadinho ali, deu a entender, algo sugestivo, e n\u00e3o avisou o meu pai\u201d, afirmou a loira.<\/p>\n<p>\u201cN\u00e3o houve rela\u00e7\u00e3o sexual entre eles, n\u00e3o existiu, ele n\u00e3o pegou o meu pai como ele fala que pegou. Tadinho do meu pai, s\u00f3 que eu disse assim, \u2018cada um com os seus problemas, n\u00e3o vou me meter\u2019. Meu pai ficou bem assustado porque foi um pouco de maldade\u201d, indicou Andressa.<\/p>\n<p>\u201cEle \u00e9 um homem do interior que \u00e9 pegador, gosta de pegar mulheres, ent\u00e3o eu fiquei com pena do meu pai, eu s\u00f3 n\u00e3o quis entrar em confus\u00e3o porque eu acho assim, se ele decidiu entrar para esse meio, ele que resolva os seus problemas. Mas deixando claro: ele n\u00e3o deu o brioco para o Rafa\u201d, finalizou a artista.<\/p>\n","protected":false},"excerpt":{"rendered":"Nesta ter\u00e7a-feira (28\/10), Andressa Urach participou do Novapo Podcast e decidiu comentar sobre seu pai, Carlos Urach, que&hellip;\n","protected":false},"author":2,"featured_media":126003,"comment_status":"","ping_status":"","sticky":false,"template":"","format":"standard","meta":{"footnotes":""},"categories":[145],"tags":[5404,211,210,114,115,471,32,33],"class_list":{"0":"post-131160","1":"post","2":"type-post","3":"status-publish","4":"format-standard","5":"has-post-thumbnail","7":"category-celebridades","8":"tag-andressa-urach","9":"tag-celebridades","10":"tag-celebrities","11":"tag-entertainment","12":"tag-entretenimento","13":"tag-filme","14":"tag-portugal","15":"tag-pt"},"share_on_mastodon":{"url":"https:\/\/pubeurope.com\/@pt\/115457635483271601","error":""},"_links":{"self":[{"href":"https:\/\/www.europesays.com\/pt\/wp-json\/wp\/v2\/posts\/131160","targetHints":{"allow":["GET"]}}],"collection":[{"href":"https:\/\/www.europesays.com\/pt\/wp-json\/wp\/v2\/posts"}],"about":[{"href":"https:\/\/www.europesays.com\/pt\/wp-json\/wp\/v2\/types\/post"}],"author":[{"embeddable":true,"href":"https:\/\/www.europesays.com\/pt\/wp-json\/wp\/v2\/users\/2"}],"replies":[{"embeddable":true,"href":"https:\/\/www.europesays.com\/pt\/wp-json\/wp\/v2\/comments?post=131160"}],"version-history":[{"count":0,"href":"https:\/\/www.europesays.com\/pt\/wp-json\/wp\/v2\/posts\/131160\/revisions"}],"wp:featuredmedia":[{"embeddable":true,"href":"https:\/\/www.europesays.com\/pt\/wp-json\/wp\/v2\/media\/126003"}],"wp:attachment":[{"href":"https:\/\/www.europesays.com\/pt\/wp-json\/wp\/v2\/media?parent=131160"}],"wp:term":[{"taxonomy":"category","embeddable":true,"href":"https:\/\/www.europesays.com\/pt\/wp-json\/wp\/v2\/categories?post=131160"},{"taxonomy":"post_tag","embeddable":true,"href":"https:\/\/www.europesays.com\/pt\/wp-json\/wp\/v2\/tags?post=131160"}],"curies":[{"name":"wp","href":"https:\/\/api.w.org\/{rel}","templated":true}]}}