{"id":131167,"date":"2025-10-29T13:18:27","date_gmt":"2025-10-29T13:18:27","guid":{"rendered":"https:\/\/www.europesays.com\/pt\/131167\/"},"modified":"2025-10-29T13:18:27","modified_gmt":"2025-10-29T13:18:27","slug":"spin-off-de-a-batalha-dos-100-estreia-na-netflix-confira-o-trailer","status":"publish","type":"post","link":"https:\/\/www.europesays.com\/pt\/131167\/","title":{"rendered":"Spin-off de &#8216;A Batalha dos 100&#8217; estreia na Netflix; Confira o trailer!"},"content":{"rendered":"<p>Os quatro primeiros epis\u00f3dios de \u2018<strong><a href=\"https:\/\/cinepop.com.br\/tag\/a-batalha-dos-100\/\" title=\"A Batalha dos 100\" rel=\"nofollow noopener\" target=\"_blank\">A Batalha dos 100<\/a>: \u00c1sia<\/strong>\u2018 (<a href=\"https:\/\/cinepop.com.br\/tag\/physical-asia\/\" title=\"Physical: Asia\" rel=\"nofollow noopener\" target=\"_blank\">Physical: Asia<\/a>), spin-off do reality competitivo \u2018<strong><a href=\"https:\/\/cinepop.com.br\/tag\/a-batalha-dos-100\/\" title=\"A Batalha dos 100\" rel=\"nofollow noopener\" target=\"_blank\">A Batalha dos 100<\/a><\/strong>\u2018, j\u00e1 est\u00e3o dispon\u00edveis no servi\u00e7o de streaming da <strong><a href=\"https:\/\/cinepop.com.br\/tag\/netflix\/\" title=\"Netflix\" rel=\"nofollow noopener\" target=\"_blank\">Netflix<\/a><\/strong>.<\/p>\n<p>O derivado promete uma competi\u00e7\u00e3o entre os pa\u00edses Austr\u00e1lia, Filipinas, Tail\u00e2ndia, Coreia do Sul, Mong\u00f3lia, Jap\u00e3o, Indon\u00e9sia e Turquia.<\/p>\n<p>Confira o trailer e siga o <a href=\"https:\/\/www.youtube.com\/cinepop?sub_confirmation=1\" target=\"_blank\" rel=\"noopener nofollow\"><strong>CinePOP no Youtube<\/strong><\/a>:<\/p>\n<p>No programa, 100 participantes com \u00f3timo preparo f\u00edsico encaram provas extremas para tentar ganhar um pr\u00eamio em dinheiro e conquistar o almejado primeiro lugar.<\/p>\n<blockquote class=\"twitter-tweet\">\n<p dir=\"ltr\" lang=\"pt\">OS MONSTR\u00d5ES V\u00c3O VOLTAR MAIORES QUE NUNCA!<\/p>\n<p><a href=\"https:\/\/cinepop.com.br\/tag\/a-batalha-dos-100\/\" title=\"A Batalha dos 100\" rel=\"nofollow noopener\" target=\"_blank\">A Batalha dos 100<\/a>: Temporada 2 \u2013 Desafio Subterr\u00e2neo estreia dia 19 de mar\u00e7o. <a href=\"https:\/\/t.co\/zrGs7p9bcH\" rel=\"nofollow\">pic.twitter.com\/zrGs7p9bcH<\/a><\/p>\n<p>\u2014 netflixbrasil (@NetflixBrasil) <a href=\"https:\/\/twitter.com\/NetflixBrasil\/status\/1760091973816397839?ref_src=twsrc%5Etfw\" rel=\"nofollow noopener\" target=\"_blank\">February 21, 2024<\/a><\/p>\n<\/blockquote>\n<p><script async src=\"https:\/\/platform.twitter.com\/widgets.js\" charset=\"utf-8\"><\/script><\/p>\n","protected":false},"excerpt":{"rendered":"Os quatro primeiros epis\u00f3dios de \u2018A Batalha dos 100: \u00c1sia\u2018 (Physical: Asia), spin-off do reality competitivo \u2018A Batalha&hellip;\n","protected":false},"author":2,"featured_media":131168,"comment_status":"","ping_status":"","sticky":false,"template":"","format":"standard","meta":{"footnotes":""},"categories":[140],"tags":[29805,29806,114,115,147,148,146,716,29807,29808,32,33],"class_list":{"0":"post-131167","1":"post","2":"type-post","3":"status-publish","4":"format-standard","5":"has-post-thumbnail","7":"category-filmes","8":"tag-a-batalha-dos-100","9":"tag-a-batalha-dos-100-asia","10":"tag-entertainment","11":"tag-entretenimento","12":"tag-film","13":"tag-filmes","14":"tag-movies","15":"tag-netflix","16":"tag-physical-100","17":"tag-physical-asia","18":"tag-portugal","19":"tag-pt"},"share_on_mastodon":{"url":"https:\/\/pubeurope.com\/@pt\/115457655013891663","error":""},"_links":{"self":[{"href":"https:\/\/www.europesays.com\/pt\/wp-json\/wp\/v2\/posts\/131167","targetHints":{"allow":["GET"]}}],"collection":[{"href":"https:\/\/www.europesays.com\/pt\/wp-json\/wp\/v2\/posts"}],"about":[{"href":"https:\/\/www.europesays.com\/pt\/wp-json\/wp\/v2\/types\/post"}],"author":[{"embeddable":true,"href":"https:\/\/www.europesays.com\/pt\/wp-json\/wp\/v2\/users\/2"}],"replies":[{"embeddable":true,"href":"https:\/\/www.europesays.com\/pt\/wp-json\/wp\/v2\/comments?post=131167"}],"version-history":[{"count":0,"href":"https:\/\/www.europesays.com\/pt\/wp-json\/wp\/v2\/posts\/131167\/revisions"}],"wp:featuredmedia":[{"embeddable":true,"href":"https:\/\/www.europesays.com\/pt\/wp-json\/wp\/v2\/media\/131168"}],"wp:attachment":[{"href":"https:\/\/www.europesays.com\/pt\/wp-json\/wp\/v2\/media?parent=131167"}],"wp:term":[{"taxonomy":"category","embeddable":true,"href":"https:\/\/www.europesays.com\/pt\/wp-json\/wp\/v2\/categories?post=131167"},{"taxonomy":"post_tag","embeddable":true,"href":"https:\/\/www.europesays.com\/pt\/wp-json\/wp\/v2\/tags?post=131167"}],"curies":[{"name":"wp","href":"https:\/\/api.w.org\/{rel}","templated":true}]}}