{"id":131171,"date":"2025-10-29T13:22:49","date_gmt":"2025-10-29T13:22:49","guid":{"rendered":"https:\/\/www.europesays.com\/pt\/131171\/"},"modified":"2025-10-29T13:22:49","modified_gmt":"2025-10-29T13:22:49","slug":"viktor-gyokeres-o-surpreendente-motivo-pelo-qual-terminou-relacao-com-ines-aguiar","status":"publish","type":"post","link":"https:\/\/www.europesays.com\/pt\/131171\/","title":{"rendered":"Viktor Gy\u00f6keres &#8211; O surpreendente motivo pelo qual terminou rela\u00e7\u00e3o com In\u00eas Aguiar"},"content":{"rendered":"<p>N\u00e3o \u00e9 segredo que o romance de <strong><a href=\"https:\/\/www.novagente.pt\/viktor-gyokeres-como-futebolista-reage-separacao-de-ines-aguiar-acho-estranho\" target=\"_blank\" rel=\"nofollow noopener\">In\u00eas Aguiar e Viktor Gyokeres<\/a>\u00a0<\/strong>j\u00e1 n\u00e3o est\u00e3o juntos. Apesar de recentemente <a href=\"https:\/\/www.novagente.pt\/viktor-gyokeres-ines-aguiar-continuam-juntos-foram-vistos-almocar\" target=\"_blank\" rel=\"nofollow noopener\">terem estado juntos em Lisboa<\/a>, a verdade \u00e9 que a rela\u00e7\u00e3o terminou h\u00e1 poucos meses, quando o avan\u00e7ado sueco rumou a Inglaterra, numa transfer\u00eancia que fez correr muita tinta.<\/p>\n<p>O assunto esteve em an\u00e1lise no V+ Fama e <strong>Pedro Capit\u00e3o<\/strong> revelou, &#8220;de fonte fidedigna&#8221;, que est\u00e3o mesmo separados e que quem tomou a decis\u00e3o foi o sueco assim que decidiu que queria mudar de ares para Inglaterra.<\/p>\n<p>&#8220;No momento em que aceita a proposta do Arsenal, esta rela\u00e7\u00e3o terminou abruptamente, do dia para a noite.\u00a0N\u00e3o houve infidelidade de nenhum deles. Terminou por uma quest\u00e3o profissional&#8221;, destacou o comentador.<\/p>\n<p>Texto: Tom\u00e1s Casc\u00e3o; Fotos: Redes sociais<\/p>\n<p class=\"intagram-text\">Siga a Nova Gente no Instagram<\/p>\n<p>                        <a href=\"https:\/\/www.instagram.com\/revistanovagente\/\" target=\"_blank\" aria-label=\"instagram\" rel=\"noopener nofollow\"><img decoding=\"async\" style=\"display: block; margin-left: auto; margin-right: auto; width: 250px; height: 83px;\" src=\"https:\/\/www.europesays.com\/pt\/wp-content\/uploads\/2025\/10\/Instagram_NG.png\" alt=\"instagram\"\/><\/a><br \/>\n                    <script async src=\"\/\/www.instagram.com\/embed.js\"><\/script><\/p>\n","protected":false},"excerpt":{"rendered":"N\u00e3o \u00e9 segredo que o romance de In\u00eas Aguiar e Viktor Gyokeres\u00a0j\u00e1 n\u00e3o est\u00e3o juntos. Apesar de recentemente&hellip;\n","protected":false},"author":2,"featured_media":131172,"comment_status":"","ping_status":"","sticky":false,"template":"","format":"standard","meta":{"footnotes":""},"categories":[85],"tags":[114,115,720,32,33,1355],"class_list":{"0":"post-131171","1":"post","2":"type-post","3":"status-publish","4":"format-standard","5":"has-post-thumbnail","7":"category-entretenimento","8":"tag-entertainment","9":"tag-entretenimento","10":"tag-ines-aguiar","11":"tag-portugal","12":"tag-pt","13":"tag-viktor-gyokeres"},"share_on_mastodon":{"url":"https:\/\/pubeurope.com\/@pt\/115457674966002967","error":""},"_links":{"self":[{"href":"https:\/\/www.europesays.com\/pt\/wp-json\/wp\/v2\/posts\/131171","targetHints":{"allow":["GET"]}}],"collection":[{"href":"https:\/\/www.europesays.com\/pt\/wp-json\/wp\/v2\/posts"}],"about":[{"href":"https:\/\/www.europesays.com\/pt\/wp-json\/wp\/v2\/types\/post"}],"author":[{"embeddable":true,"href":"https:\/\/www.europesays.com\/pt\/wp-json\/wp\/v2\/users\/2"}],"replies":[{"embeddable":true,"href":"https:\/\/www.europesays.com\/pt\/wp-json\/wp\/v2\/comments?post=131171"}],"version-history":[{"count":0,"href":"https:\/\/www.europesays.com\/pt\/wp-json\/wp\/v2\/posts\/131171\/revisions"}],"wp:featuredmedia":[{"embeddable":true,"href":"https:\/\/www.europesays.com\/pt\/wp-json\/wp\/v2\/media\/131172"}],"wp:attachment":[{"href":"https:\/\/www.europesays.com\/pt\/wp-json\/wp\/v2\/media?parent=131171"}],"wp:term":[{"taxonomy":"category","embeddable":true,"href":"https:\/\/www.europesays.com\/pt\/wp-json\/wp\/v2\/categories?post=131171"},{"taxonomy":"post_tag","embeddable":true,"href":"https:\/\/www.europesays.com\/pt\/wp-json\/wp\/v2\/tags?post=131171"}],"curies":[{"name":"wp","href":"https:\/\/api.w.org\/{rel}","templated":true}]}}