{"id":131177,"date":"2025-10-29T13:26:11","date_gmt":"2025-10-29T13:26:11","guid":{"rendered":"https:\/\/www.europesays.com\/pt\/131177\/"},"modified":"2025-10-29T13:26:11","modified_gmt":"2025-10-29T13:26:11","slug":"a-china-primeiro-quis-deixar-de-ser-pobre-depois-dependente-depois-quis-ser-rica-e-agora-quer-ser-poderosa-a-europa-falta-motivacao","status":"publish","type":"post","link":"https:\/\/www.europesays.com\/pt\/131177\/","title":{"rendered":"\u201cA China primeiro quis deixar de ser pobre, depois dependente, depois quis ser rica e agora quer ser poderosa. \u00c0 Europa falta motiva\u00e7\u00e3o&#8221;"},"content":{"rendered":"<p>Para quem trabalha as \u00e1reas da Inova\u00e7\u00e3o, o Nobel da Economia atribu\u00eddo pela academia sueca \u00e9 um pr\u00e9mio \u201cmuito estimulante\u201d. Embora houvesse outros acad\u00e9micos e outros trabalhos que pudessem ter sido escolhidos, \u00e9 importante colocar o tema na agenda.<\/p>\n<p>Matilde Fieschi<\/p>\n<p class=\"MsoNormal\">Porque:<\/p>\n<ol>\n<li>\u201cChama a aten\u00e7\u00e3o para as ideias cient\u00edficas, num mundo em que temos a maior pot\u00eancia cient\u00edfica mundial com um presidente que ataca a ci\u00eancia\u201d<\/li>\n<li>\u201cP\u00f5e as pessoas a falar da inova\u00e7\u00e3o e do papel dos Estados nas pol\u00edticas de inova\u00e7\u00e3o\u201d<\/li>\n<li>\u201c\u00c9 um alerta para os governos que acham baixando impostos e simplificando licenciamentos acham que as economias crescem. N\u00e3o \u00e9 assim que as economias crescem. As economias crescem inovando, e a inova\u00e7\u00e3o n\u00e3o cai do c\u00e9u aos trambolh\u00f5es\u201d<\/li>\n<\/ol>\n<p>Matilde Fieschi<\/p>\n<p class=\"MsoNormal\">De passagem pela Liga dos Inovadores, Isabel Rocha, vice-reitora na Universidade Nova de Lisboa, e Ricardo Paes Mamede, professor associado no ISCTE, analisam a proposta de Or\u00e7amento do Estado para 2026, a proposta de fus\u00e3o da Ag\u00eancia Nacional de Inova\u00e7\u00e3o (ANI) e a Funda\u00e7\u00e3o para a Ci\u00eancia e Tecnologia (FCT), a pr\u00f3xima WebSummit e as li\u00e7\u00f5es a tirar do pr\u00e9mio Nobel da Economia.<\/p>\n<p class=\"MsoNormal\">Na Europa n\u00e3o faltam ideias nem tecnologia, falta \u00e9 motiva\u00e7\u00e3o. E, por motiva\u00e7\u00e3o, \u00e9 olhar para os EUA e a China: \u201cNo caso dos EUA desde a Segunda Guerra Mundial que a \u2018motiva\u00e7\u00e3o\u2019 passa por uma quest\u00e3o de seguran\u00e7a e de poder. E quanto \u00e0 China, \u201cprimeiro quis deixar de ser pobre, depois quis deixar de ser dependente, depois quis passar a ser rica e agora quer ser poderosa\u201d, dizem. Ou\u00e7a o podcast.<\/p>\n<p>Outros t\u00f3picos que pode ouvir ao longo da conversa    <\/p>\n<blockquote>\n<p>    Pr\u00e9mio Nobel da economia \u00e9 um alerta para o Governo: \u201cN\u00e3o \u00e9 baixando impostos e simplificando licenciamentos que as economias crescem\u201d   <\/p>\n<\/blockquote>\n<blockquote>\n<p>    &#8220;A forma como a fus\u00e3o entre a FCT e a ANI foi feita n\u00e3o \u00e9 boa pol\u00edtica p\u00fablica\u201d   <\/p>\n<\/blockquote>\n<blockquote>\n<p class=\"MsoNormal\">\u201cO contributo mais importante do sistema cient\u00edfico para o desenvolvimento da economia \u00e9 o desenvolvimento de compet\u00eancias. As pessoas acham que \u00e9 startups, unic\u00f3rnios, fornecimento de servi\u00e7os, mas n\u00e3o \u00e9\u201d<\/p>\n<\/blockquote>\n<blockquote>\n<p>\u201cN\u00f3s precisamos de resolver o problema das dificuldades de liga\u00e7\u00e3o entre universidades e empresas. N\u00e3o \u00e9 apenas do lado da ci\u00eancia, mas tamb\u00e9m do lado das empresas\u201d<\/p>\n<\/blockquote>\n<blockquote>\n<p>\u201cA determinada altura a intelig\u00eancia artificial teve \u2018invernos\u2019 e esses \u2018invernos\u2019\u2019 foram mais intensos nos Estados Unidos\u201d<\/p>\n<\/blockquote>\n<blockquote>\n<p>WebSummits s\u00e3o importantes mas &#8220;n\u00e3o h\u00e1 nenhum pa\u00eds do mundo que se tenha desenvolvido apenas com base em startups\u201d<\/p>\n<\/blockquote>\n<p>O podcast que nos conta o que de inovador e diferenciador est\u00e1 a ser feito pelas empresas em Portugal. Na \u201cLiga dos Inovadores\u201d, Elisabete Miranda e Pedro Lima conversam com gestores, diretores e profissionais que nos contam hist\u00f3rias que conquistaram o mercado e v\u00e3o contribuindo para a transforma\u00e7\u00e3o econ\u00f3mica do pa\u00eds e da sua imagem. Falam-nos das vit\u00f3rias que os trouxeram at\u00e9 aqui, mas tamb\u00e9m das ansiedades, dos concorrentes que invejam, dos gestores que admiram, dos profissionais que t\u00eam e dos perfis que precisam de contratar. Todas as semanas, \u00e0s quartas-feiras.<\/p>\n","protected":false},"excerpt":{"rendered":"Para quem trabalha as \u00e1reas da Inova\u00e7\u00e3o, o Nobel da Economia atribu\u00eddo pela academia sueca \u00e9 um pr\u00e9mio&hellip;\n","protected":false},"author":2,"featured_media":131178,"comment_status":"","ping_status":"","sticky":false,"template":"","format":"standard","meta":{"footnotes":""},"categories":[50],"tags":[27,28,15,16,14,25,26,21,22,62,12,13,19,20,23,24,17,18,29,30,31,63,64,65],"class_list":{"0":"post-131177","1":"post","2":"type-post","3":"status-publish","4":"format-standard","5":"has-post-thumbnail","7":"category-mundo","8":"tag-breaking-news","9":"tag-breakingnews","10":"tag-featured-news","11":"tag-featurednews","12":"tag-headlines","13":"tag-latest-news","14":"tag-latestnews","15":"tag-main-news","16":"tag-mainnews","17":"tag-mundo","18":"tag-news","19":"tag-noticias","20":"tag-noticias-principais","21":"tag-noticiasprincipais","22":"tag-principais-noticias","23":"tag-principaisnoticias","24":"tag-top-stories","25":"tag-topstories","26":"tag-ultimas","27":"tag-ultimas-noticias","28":"tag-ultimasnoticias","29":"tag-world","30":"tag-world-news","31":"tag-worldnews"},"share_on_mastodon":{"url":"https:\/\/pubeurope.com\/@pt\/115457686478509577","error":""},"_links":{"self":[{"href":"https:\/\/www.europesays.com\/pt\/wp-json\/wp\/v2\/posts\/131177","targetHints":{"allow":["GET"]}}],"collection":[{"href":"https:\/\/www.europesays.com\/pt\/wp-json\/wp\/v2\/posts"}],"about":[{"href":"https:\/\/www.europesays.com\/pt\/wp-json\/wp\/v2\/types\/post"}],"author":[{"embeddable":true,"href":"https:\/\/www.europesays.com\/pt\/wp-json\/wp\/v2\/users\/2"}],"replies":[{"embeddable":true,"href":"https:\/\/www.europesays.com\/pt\/wp-json\/wp\/v2\/comments?post=131177"}],"version-history":[{"count":0,"href":"https:\/\/www.europesays.com\/pt\/wp-json\/wp\/v2\/posts\/131177\/revisions"}],"wp:featuredmedia":[{"embeddable":true,"href":"https:\/\/www.europesays.com\/pt\/wp-json\/wp\/v2\/media\/131178"}],"wp:attachment":[{"href":"https:\/\/www.europesays.com\/pt\/wp-json\/wp\/v2\/media?parent=131177"}],"wp:term":[{"taxonomy":"category","embeddable":true,"href":"https:\/\/www.europesays.com\/pt\/wp-json\/wp\/v2\/categories?post=131177"},{"taxonomy":"post_tag","embeddable":true,"href":"https:\/\/www.europesays.com\/pt\/wp-json\/wp\/v2\/tags?post=131177"}],"curies":[{"name":"wp","href":"https:\/\/api.w.org\/{rel}","templated":true}]}}